{"id":25234,"date":"2019-06-25T10:29:57","date_gmt":"2019-06-25T08:29:57","guid":{"rendered":"https:\/\/www.esteri.it\/sala_stampa\/archivionotizie\/comunicati\/2019\/06\/nota-accreditamento-stampa-conferenza-addetti-scientifici-farnesina-27-giugno-2019\/"},"modified":"2019-06-25T10:29:57","modified_gmt":"2019-06-25T08:29:57","slug":"nota-accreditamento-stampa-conferenza-addetti-scientifici-farnesina-27-giugno-2019","status":"publish","type":"post","link":"https:\/\/www.esteri.it\/it\/sala_stampa\/archivionotizie\/notestampa\/2019\/06\/nota-accreditamento-stampa-conferenza-addetti-scientifici-farnesina-27-giugno-2019\/","title":{"rendered":"REMINDER Nota Accreditamento Stampa &#8211; Conferenza Addetti Scientifici (Farnesina, 27 giugno 2019)"},"content":{"rendered":"<p><strong>Gioved\u00ec 27 giugno 2019 <\/strong>alla Farnesina, il Ministro degli Affari Esteri e della Cooperazione Internazionale <strong>Enzo Moavero Milanesi <\/strong>e il Ministro dell\u2019Istruzione, Universit\u00e0 e Ricerca (MIUR) <strong>Marco Bussetti<\/strong> riuniscono gli Addetti Scientifici in una Conferenza dal titolo \u201cTecnologie del mare e l\u2019innovazione che parla italiano\u201d alla quale parteciperanno, anche quest\u2019anno, i vertici del mondo della ricerca, dell\u2019universit\u00e0 e delle imprese innovative e start-up.<\/p>\n<p>Il tema scelto per questa edizione 2019 \u00e8 di straordinaria importanza e attualit\u00e0: lo sviluppo delle tecnologie del mare. La conferenza avr\u00e0 uno sguardo che sar\u00e0 rivolto in modo particolare al ruolo dell\u2019Italia nell\u2019area mediterranea, con la sua grande complessit\u00e0, le sue sfide e le sue opportunit\u00e0: culturali, politiche, tecnologiche e commerciali. La nuova edizione della Conferenza degli Addetti Scientifici mira a sviluppare un proficuo scambio di idee tra gli attori dell\u2019Innovazione italiana, sia in patria che all\u2019estero, per meglio coordinare l\u2019azione di sistema, gli investimenti e gli sforzi condivisi.<\/p>\n<p>La sessione inaugurale della Conferenza sar\u00e0 aperta, alle ore 10.00, dal Ministro <strong>Enzo Moavero Milanesi<\/strong> e dal Ministro <strong>Marco Bussetti<\/strong>. Moderer\u00e0 il Direttore Generale per la Promozione del Sistema Paese della Farnesina, <strong>Vincenzo De Luca<\/strong>.<\/p>\n<p>Alle ore 10.30 si svolger\u00e0 la Cerimonia di Premiazione di un ricercatore italiano all\u2019estero e del fondatore di una start up italiana all\u2019estero.<\/p>\n<p>Alle ore 13.00 seguiranno gli interventi conclusivi del Presidente Consulta dei Presidente degli Enti pubblici di ricerca, <strong>Massimo Inguscio,<\/strong> del Vice Presidente Conferenza Rettori Universit\u00e0 Italiane, <strong>Eugenio Gaudio<\/strong>, del Direttore Area Politiche Industriali di Confindustria, <strong>Andrea Bianchi<\/strong> e del Segretario Generale della Farnesina, <strong>Elisabetta Belloni.<\/strong>\n<\/p>\n<p><strong>I lavori, dalle ore 10.00 alle ore 13.00, saranno aperti alla stampa.<\/strong>\n<\/p>\n<p>I giornalisti e i cine-foto-operatori interessati a seguire l\u2019evento sono pregati di accreditarsi secondo una delle seguenti modalit\u00e0:<\/p>\n<ul>\n<li>\u00a0\u00a0\u00a0\u00a0\u00a0 <strong>ONLINE<\/strong> al link <a href=\"https:\/\/portaleaccreditamento.esteri.it\">https:\/\/portaleaccreditamento.esteri.it<\/a>, al quale dovr\u00e0 essere allegata la documentazione digitale richiesta (lettera della testata di appartenenza e per i rappresentanti degli organi di stampa stranieri anche Nota Verbale dell\u2019Ambasciata a Roma del Paese dell\u2019organo di stampa rappresentato)<\/li>\n<\/ul>\n<ul>\n<li>\u00a0\u00a0\u00a0\u00a0\u00a0 <strong>VIA E-MAIL<\/strong> all\u2019indirizzo accreditamentostampa@esteri.it, (tel. 06\/3691.3432\u2013 06\/3691.8573) allegando la documentazione sopraindicata.<\/li>\n<\/ul>\n<p>I giornalisti ed i cine-foto-operatori accreditati potranno accedere alla Farnesina <strong>dall\u2019ingresso posteriore, in Via Macchia della Farnesina, dalle ore 9.30.<\/strong><\/p>\n","protected":false},"excerpt":{"rendered":"Gioved\u00ec 27 giugno 2019 alla Farnesina, il Ministro degli Affari Esteri e della Cooperazione Internazionale Enzo Moavero Milanesi e il Ministro dell\u2019Istruzione, Universit\u00e0 e Ricerca (MIUR) Marco Bussetti riuniscono gli Addetti Scientifici in una Conferenza dal titolo \u201cTecnologie del mare e l\u2019innovazione che parla italiano\u201d alla quale parteciperanno, anche quest\u2019anno, i vertici del mondo della [&hellip;]","protected":false},"author":1,"featured_media":0,"comment_status":"","ping_status":"","sticky":false,"template":"","format":"standard","meta":{"footnotes":""},"categories":[24],"tags":[],"class_list":["post-25234","post","type-post","status-publish","format-standard","hentry","category-notestampa"],"_links":{"self":[{"href":"https:\/\/www.esteri.it\/it\/wp-json\/wp\/v2\/posts\/25234","targetHints":{"allow":["GET"]}}],"collection":[{"href":"https:\/\/www.esteri.it\/it\/wp-json\/wp\/v2\/posts"}],"about":[{"href":"https:\/\/www.esteri.it\/it\/wp-json\/wp\/v2\/types\/post"}],"author":[{"embeddable":true,"href":"https:\/\/www.esteri.it\/it\/wp-json\/wp\/v2\/users\/1"}],"replies":[{"embeddable":true,"href":"https:\/\/www.esteri.it\/it\/wp-json\/wp\/v2\/comments?post=25234"}],"version-history":[{"count":0,"href":"https:\/\/www.esteri.it\/it\/wp-json\/wp\/v2\/posts\/25234\/revisions"}],"wp:attachment":[{"href":"https:\/\/www.esteri.it\/it\/wp-json\/wp\/v2\/media?parent=25234"}],"wp:term":[{"taxonomy":"category","embeddable":true,"href":"https:\/\/www.esteri.it\/it\/wp-json\/wp\/v2\/categories?post=25234"},{"taxonomy":"post_tag","embeddable":true,"href":"https:\/\/www.esteri.it\/it\/wp-json\/wp\/v2\/tags?post=25234"}],"curies":[{"name":"wp","href":"https:\/\/api.w.org\/{rel}","templated":true}]}}