{"id":25245,"date":"2019-05-30T13:05:10","date_gmt":"2019-05-30T11:05:10","guid":{"rendered":"https:\/\/www.esteri.it\/sala_stampa\/archivionotizie\/comunicati\/2019\/05\/nota-di-accreditamento-stampa-riunione-ministeriale-dell-iniziativa-centro-europea-ince-trieste-12-giugno-2019\/"},"modified":"2019-05-30T13:05:10","modified_gmt":"2019-05-30T11:05:10","slug":"nota-di-accreditamento-stampa-riunione-ministeriale-dell-iniziativa-centro-europea-ince-trieste-12-giugno-2019","status":"publish","type":"post","link":"https:\/\/www.esteri.it\/it\/sala_stampa\/archivionotizie\/notestampa\/2019\/05\/nota-di-accreditamento-stampa-riunione-ministeriale-dell-iniziativa-centro-europea-ince-trieste-12-giugno-2019\/","title":{"rendered":"Reminder nota di accreditamento stampa &#8211; Riunione ministeriale dell\u2019Iniziativa Centro Europea (InCE) &#8211; Trieste, 12 giugno 2019"},"content":{"rendered":"<p><strong>Mercoled\u00ec 12 giugno 2019<\/strong> si svolger\u00e0 a Trieste, presso il <strong>Palazzo della Regione Friuli Venezia Giulia,<\/strong> la <strong>riunione ministeriale dell\u2019Iniziativa Centro Europea (InCE)<\/strong>.<\/p>\n<p>La riunione vedr\u00e0 la partecipazione del Ministro degli Affari Esteri e della Cooperazione Internazionale e Presidente in carica dell\u2019InCE, <strong>Enzo Moavero Milanesi<\/strong> e dei Ministri degli Esteri dei paesi membri.<\/p>\n<p>Il programma prevede i seguenti momenti stampa:<\/p>\n<p>ore\u00a0\u00a0 9.00 &#8211;\u00a0\u00a0\u00a0 arrivo Capi Delegazione <i>(Piazza Unit\u00e0 d\u2019Italia)<\/i><\/p>\n<p>ore\u00a0\u00a0 9.30 &#8211;\u00a0\u00a0\u00a0 giro di tavolo inizio lavori Sessione Plenaria <i>(Palazzo della Regione \u2013 Salone di Rappresentanza)<\/i>\u00a0\u00a0\u00a0\u00a0\u00a0\u00a0\u00a0\u00a0\u00a0\u00a0\u00a0\u00a0\u00a0<\/p>\n<p>ore 12.00 &#8211;\u00a0\u00a0\u00a0\u00a0 foto di famiglia <i>(Palazzo della Regione \u2013 Scalone d\u2019ingresso)<\/i><\/p>\n<p>ore 12.15 &#8211;\u00a0\u00a0\u00a0\u00a0 conferenza stampa della Presidenza InCE e del Segretario Generale dell\u2019InCE <i>(Palazzo della Regione \u2013 Sala Predonzani)<\/i><\/p>\n<p><i>\u00a0<\/i><\/p>\n<p><span style=\"text-decoration: underline;\"><strong>MODALIT\u00c0 DI ACCREDITAMENTO<\/strong><\/span><\/p>\n<p><strong>\u00a0<\/strong><\/p>\n<p>I giornalisti e i cine-foto-operatori sono pregati di accreditarsi entro <strong>domenica 9 giugno<\/strong> secondo una delle seguenti modalit\u00e0:<\/p>\n<p>\u2022\u00a0\u00a0\u00a0\u00a0\u00a0 <strong>ONLINE<\/strong> al link <a href=\"https:\/\/portaleaccreditamento.esteri.it\">https:\/\/portaleaccreditamento.esteri.it<\/a>, al quale dovr\u00e0 essere allegata la documentazione digitale richiesta (lettera della testata di appartenenza e per i rappresentanti degli organi di stampa stranieri anche Nota Verbale dell\u2019Ambasciata a Roma del Paese dell\u2019organo di stampa rappresentato)<\/p>\n<p>\u2022\u00a0 \u00a0\u00a0\u00a0\u00a0<strong>VIA E-MAIL<\/strong> all\u2019indirizzo accreditamentostampa@esteri.it, (tel. 06\/3691.3432\u2013 06\/3691.8573), allegando la documentazione sopraindicata.<\/p>\n<p>In considerazione della limitata capacit\u00e0 delle sale riunioni, potrebbe essere necessaria la formazione di pool di cameramen e fotografi per i momenti immagine.<\/p>\n<p>Per le richieste di posizionamento di mezzi satellitari, le targhe e il modello dei mezzi dovranno essere comunicati via mail all\u2019indirizzo accreditamentostampa@esteri.it e press@cei.int .<\/p>\n<p><strong>\u00a0<\/strong><\/p>\n<p><strong><span style=\"text-decoration: underline;\"><strong>RITIRO BADGE<\/strong><\/span><\/strong><\/p>\n<p>I tesserini di accreditamento potranno essere ritirati personalmente, dietro presentazione di un documento di identit\u00e0, al Desk Accreditamento Stampa, a Trieste, presso Palazzo della Regione Friuli Venezia Giulia (Sala delle Colonne, ingresso Riva del Mandracchio n. 2 \u2013 piano terra), secondo lo schema seguente:<\/p>\n<p><strong>marted\u00ec\u00a0\u00a0\u00a0 11 giugno<\/strong> \u2013 dalle ore 17.00 alle ore 19.00<\/p>\n<p><strong>mercoled\u00ec 12 giugno<\/strong> \u2013 dalle ore\u00a0\u00a0 8.00 alle ore 12.15<\/p>\n<p>La <strong>sala di lavoro<\/strong> per la stampa sar\u00e0 situata nella Sala delle Colonne (piano terra &#8211; ingresso da Riva del Mandracchio n.2) e sar\u00e0 aperta <strong>marted\u00ec<\/strong> <strong>11 giugno<\/strong>, dalle ore 17.00 alle ore 20.00 e <strong>mercoled\u00ec 12 giugno<\/strong> dalle 8.00 alle 20.00.<\/p>\n<p><span style=\"text-decoration: underline;\"><strong>ACCESSO AI MOMENTI STAMPA<\/strong><\/span><\/p>\n<p>I rappresentanti degli organi di stampa accreditati dovranno presentarsi al Desk Accreditamento Stampa (Palazzo della Regione) nei seguenti orari:<\/p>\n<p><strong>Mercoled\u00ec 12 giugno<\/strong><\/p>\n<p>\u2022\u00a0\u00a0 \u00a0<strong>ore\u00a0 8.15:<\/strong>\u00a0 \u00a0\u00a0cine-foto-operatori per riprese arrivo Capi Delegazione e giro di tavolo inizio Sessione Plenaria<\/p>\n<p>\u2022<strong>\u00a0\u00a0\u00a0 ore 11.15<\/strong>:\u00a0\u00a0 giornalisti e cine-foto-operatori per conferenza stampa delle ore 12.15<\/p>\n<p>\u2022\u00a0\u00a0\u00a0 <strong>ore<\/strong> <strong>11.30: <\/strong>\u00a0\u00a0cine-foto-operatori per foto di famiglia<\/p>\n","protected":false},"excerpt":{"rendered":"Mercoled\u00ec 12 giugno 2019 si svolger\u00e0 a Trieste, presso il Palazzo della Regione Friuli Venezia Giulia, la riunione ministeriale dell\u2019Iniziativa Centro Europea (InCE). La riunione vedr\u00e0 la partecipazione del Ministro degli Affari Esteri e della Cooperazione Internazionale e Presidente in carica dell\u2019InCE, Enzo Moavero Milanesi e dei Ministri degli Esteri dei paesi membri. Il programma [&hellip;]","protected":false},"author":1,"featured_media":0,"comment_status":"","ping_status":"","sticky":false,"template":"","format":"standard","meta":{"footnotes":""},"categories":[24],"tags":[],"class_list":["post-25245","post","type-post","status-publish","format-standard","hentry","category-notestampa"],"_links":{"self":[{"href":"https:\/\/www.esteri.it\/it\/wp-json\/wp\/v2\/posts\/25245","targetHints":{"allow":["GET"]}}],"collection":[{"href":"https:\/\/www.esteri.it\/it\/wp-json\/wp\/v2\/posts"}],"about":[{"href":"https:\/\/www.esteri.it\/it\/wp-json\/wp\/v2\/types\/post"}],"author":[{"embeddable":true,"href":"https:\/\/www.esteri.it\/it\/wp-json\/wp\/v2\/users\/1"}],"replies":[{"embeddable":true,"href":"https:\/\/www.esteri.it\/it\/wp-json\/wp\/v2\/comments?post=25245"}],"version-history":[{"count":0,"href":"https:\/\/www.esteri.it\/it\/wp-json\/wp\/v2\/posts\/25245\/revisions"}],"wp:attachment":[{"href":"https:\/\/www.esteri.it\/it\/wp-json\/wp\/v2\/media?parent=25245"}],"wp:term":[{"taxonomy":"category","embeddable":true,"href":"https:\/\/www.esteri.it\/it\/wp-json\/wp\/v2\/categories?post=25245"},{"taxonomy":"post_tag","embeddable":true,"href":"https:\/\/www.esteri.it\/it\/wp-json\/wp\/v2\/tags?post=25245"}],"curies":[{"name":"wp","href":"https:\/\/api.w.org\/{rel}","templated":true}]}}