{"id":25255,"date":"2019-05-21T09:16:15","date_gmt":"2019-05-21T07:16:15","guid":{"rendered":"https:\/\/www.esteri.it\/sala_stampa\/archivionotizie\/comunicati\/2019\/05\/nota-di-accreditamento-stampa-giornata-per-la-mobilita-sostenibile-del-maeci-farnesina-23-maggio-2019\/"},"modified":"2019-05-21T09:16:15","modified_gmt":"2019-05-21T07:16:15","slug":"nota-di-accreditamento-stampa-giornata-per-la-mobilita-sostenibile-del-maeci-farnesina-23-maggio-2019","status":"publish","type":"post","link":"https:\/\/www.esteri.it\/it\/sala_stampa\/archivionotizie\/notestampa\/2019\/05\/nota-di-accreditamento-stampa-giornata-per-la-mobilita-sostenibile-del-maeci-farnesina-23-maggio-2019\/","title":{"rendered":"Nota di accreditamento stampa &#8211; Giornata per la Mobilit\u00e0 Sostenibile del MAECI (Farnesina, 23 maggio 2019)"},"content":{"rendered":"<p><strong>Gioved\u00ec 23 maggio 2019, alle ore 11.00, <\/strong>si<strong> <\/strong>svolger\u00e0 alla Farnesina <strong>la \u201cGiornata per la Mobilit\u00e0 Sostenibile del MAECI\u201d, <\/strong>alla presenza del Sottosegretario di Stato agli Affari Esteri e alla Cooperazione Internazionale,<strong> Manlio Di Stefano.<\/strong><i><\/i><\/p>\n<p>L&#8217;evento \u00e8 volto a promuovere la mobilit\u00e0 sostenibile ed il trasporto integrato e comprender\u00e0 due momenti:<\/p>\n<p><strong>ore 11.00 &#8211; Spazio esterno alla Farnesina, entrata lato Olimpico<\/strong><\/p>\n<p>&#8211; Inaugurazione del nuovo posteggio biciclette finanziato dal Comune di Roma Capitale.<\/p>\n<p>E\u2019 prevista anche la possibilit\u00e0 di effettuare test su auto elettriche, in vista dell\u2019attivazione di una convenzione che prevede condizioni di vantaggio per il personale del Ministero con il gestore di carsharing elettrico Sharengo.<\/p>\n<p>Verranno inoltre fornite informazioni circa l\u2019attivazione di un parcheggio gratuito per le biciclette del personale MAECI, in prossimit\u00e0 della fermata metro A Ottaviano presso l\u2019Universit\u00e0 Guglielmo Marconi (\u201cprogetto bike bike to work\u201d).<\/p>\n<p>Il progetto \u201cbike bike to work\u201d nasce da una collaborazione fra MAECI, Comune di Roma e Universit\u00e0 Guglielmo Marconi al fine di ridurre l\u2019impatto ambientale del Ministero e di promuovere il benessere organizzativo del personale attraverso l\u2019utilizzo della bicicletta per recarsi al lavoro.<\/p>\n<p><strong>A seguire \u2013 interno della Farnesina, piano -1 <\/strong><\/p>\n<p>&#8211; inaugurazione di uno spogliatoio, collocato all\u2019interno del Ministero, dove coloro che arrivano in bicicletta possono cambiarsi prima di recarsi in ufficio.<\/p>\n<p>L\u2019iniziativa rientra nel quadro del progetto Farnesina Verde ed in linea con il Progetto Plastic Free. Entrambi i progetti sono stati premiati al Forum PA 2019 nella sezione \u201cAmbiente e sostenibilit\u00e0\u201d.<strong><i> <\/i><\/strong><\/p>\n<p>Introdurr\u00e0 l\u2019evento il Direttore Generale per l&#8217;Amministrazione, l&#8217;Informatica e le Comunicazioni, <strong>Nicandro Cascardi, <\/strong>a cui seguir\u00e0 il saluto del Presidente del XV Municipio del Comune di Roma, <strong>Stefano Simonelli<\/strong>.<\/p>\n<p>Seguiranno l\u2019intervento del Direttore Generale per le Risorse e l\u2019Innovazione, <strong>Renato Varriale<\/strong> e le conclusioni del Sottosegretario agli Affari Esteri e alla Cooperazione Internazionale (MAECI), <strong>Manlio di Stefano.<\/strong><\/p>\n<p><strong>\u00a0<\/strong><\/p>\n<p>L\u2019inaugurazione vedr\u00e0 inoltre la partecipazione di <strong>Pasquale Annunziata,<\/strong> Assessore Ambiente del XV Municipio del Comune di Roma, <strong>Fabio Orecchini<\/strong>, Direttore del Dipartimento Ingegneria dell\u2019Universit\u00e0 Guglielmo Marconi, <strong>Alessandra Giordani<\/strong> dell\u2019Universit\u00e0 Guglielmo Marconi e <strong>Paola Sinibaldi<\/strong> di Sharengo.<\/p>\n<p>I giornalisti e i cine-foto-operatori interessati, potranno accreditarsi, secondo una delle seguenti modalit\u00e0:<\/p>\n<p>\u2022\u00a0\u00a0\u00a0\u00a0\u00a0\u00a0\u00a0 <strong>ONLINE<\/strong> al link <a href=\"https:\/\/portaleaccreditamento.esteri.it\">https:\/\/portaleaccreditamento.esteri.it<\/a>, al quale dovr\u00e0 essere allegata la documentazione digitale richiesta (lettera della testata di appartenenza e per i rappresentanti degli organi di stampa stranieri anche Nota Verbale dell\u2019Ambasciata a Roma del Paese dell\u2019organo di stampa rappresentato)<\/p>\n<p>\u2022\u00a0\u00a0\u00a0\u00a0\u00a0\u00a0\u00a0\u00a0<strong>VIA E-MAIL<\/strong> all\u2019indirizzo <a href=\"mailto:accreditamentostampa@esteri.it\">accreditamentostampa@esteri.it<\/a>, (tel. 06\/3691.3432\u2013 06\/3691.8573) allegando la documentazione sopraindicata.<\/p>\n<p>I rappresentanti della stampa dovranno trovarsi all\u2019esterno della Farnesina, <strong>ingresso Visitatori, lato Olimpico, alle ore\u00a010.30.<\/strong><\/p>\n","protected":false},"excerpt":{"rendered":"Gioved\u00ec 23 maggio 2019, alle ore 11.00, si svolger\u00e0 alla Farnesina la \u201cGiornata per la Mobilit\u00e0 Sostenibile del MAECI\u201d, alla presenza del Sottosegretario di Stato agli Affari Esteri e alla Cooperazione Internazionale, Manlio Di Stefano. L&#8217;evento \u00e8 volto a promuovere la mobilit\u00e0 sostenibile ed il trasporto integrato e comprender\u00e0 due momenti: ore 11.00 &#8211; Spazio [&hellip;]","protected":false},"author":1,"featured_media":0,"comment_status":"","ping_status":"","sticky":false,"template":"","format":"standard","meta":{"footnotes":""},"categories":[24],"tags":[],"class_list":["post-25255","post","type-post","status-publish","format-standard","hentry","category-notestampa"],"_links":{"self":[{"href":"https:\/\/www.esteri.it\/it\/wp-json\/wp\/v2\/posts\/25255","targetHints":{"allow":["GET"]}}],"collection":[{"href":"https:\/\/www.esteri.it\/it\/wp-json\/wp\/v2\/posts"}],"about":[{"href":"https:\/\/www.esteri.it\/it\/wp-json\/wp\/v2\/types\/post"}],"author":[{"embeddable":true,"href":"https:\/\/www.esteri.it\/it\/wp-json\/wp\/v2\/users\/1"}],"replies":[{"embeddable":true,"href":"https:\/\/www.esteri.it\/it\/wp-json\/wp\/v2\/comments?post=25255"}],"version-history":[{"count":0,"href":"https:\/\/www.esteri.it\/it\/wp-json\/wp\/v2\/posts\/25255\/revisions"}],"wp:attachment":[{"href":"https:\/\/www.esteri.it\/it\/wp-json\/wp\/v2\/media?parent=25255"}],"wp:term":[{"taxonomy":"category","embeddable":true,"href":"https:\/\/www.esteri.it\/it\/wp-json\/wp\/v2\/categories?post=25255"},{"taxonomy":"post_tag","embeddable":true,"href":"https:\/\/www.esteri.it\/it\/wp-json\/wp\/v2\/tags?post=25255"}],"curies":[{"name":"wp","href":"https:\/\/api.w.org\/{rel}","templated":true}]}}