{"id":25263,"date":"2019-04-23T11:28:35","date_gmt":"2019-04-23T09:28:35","guid":{"rendered":"https:\/\/www.esteri.it\/sala_stampa\/archivionotizie\/comunicati\/2019\/04\/nota-di-accreditamento-riunione-del-ministro-moavero-milanesi-con-rappresentante-speciale-delle-nazioni-unite-per-la-libia-ghassan-salame-farnesina-24-mercoledi-2019\/"},"modified":"2019-04-23T11:28:35","modified_gmt":"2019-04-23T09:28:35","slug":"nota-di-accreditamento-riunione-del-ministro-moavero-milanesi-con-rappresentante-speciale-delle-nazioni-unite-per-la-libia-ghassan-salame-farnesina-24-mercoledi-2019","status":"publish","type":"post","link":"https:\/\/www.esteri.it\/it\/sala_stampa\/archivionotizie\/notestampa\/2019\/04\/nota-di-accreditamento-riunione-del-ministro-moavero-milanesi-con-rappresentante-speciale-delle-nazioni-unite-per-la-libia-ghassan-salame-farnesina-24-mercoledi-2019\/","title":{"rendered":"Nota di accreditamento &#8211; Riunione del Ministro Moavero Milanesi con Rappresentante Speciale delle Nazioni Unite per la Libia, Ghassan Salam\u00e8 (Farnesina, mercoled\u00ec 24 aprile 2019)"},"content":{"rendered":"<p><strong>Mercoled\u00ec 24 aprile 2019, alle ore 15.30<\/strong>, alla Farnesina, il Ministro degli Affari Esteri e della Cooperazione Internazionale,\u00a0<strong>Enzo Moavero Milanesi<\/strong>, avr\u00e0 una riunione con il Rappresentante Speciale del Segretario Generale delle Nazioni Unite per la Libia, <strong>Ghassan\u00a0Salam\u00e9<strong>.<\/strong><\/strong><\/p>\n<p>Al termine,\u00a0\u00e8 previsto un punto stampa congiunto (Sala Aldo Moro).<\/p>\n<p>I giornalisti e i cine-foto-operatori interessati a seguire il punto stampa sono pregati di\u00a0<strong>accreditarsi\u00a0<\/strong>secondo una delle seguenti modalit\u00e0:<\/p>\n<ul>\n<li><strong>ONLINE\u00a0<\/strong>al \u00a0\u00a0\u00a0\u00a0 link\u00a0<a href=\"https:\/\/portaleaccreditamento.esteri.it\/\">https:\/\/portaleaccreditamento.esteri.it<\/a>, \u00a0\u00a0\u00a0\u00a0 al quale dovr\u00e0 essere allegata la documentazione digitale richiesta \u00a0\u00a0\u00a0\u00a0 (lettera della testata di appartenenza e per i rappresentanti degli organi \u00a0\u00a0\u00a0\u00a0 di stampa stranieri anche Nota Verbale dell\u2019Ambasciata a Roma del Paese \u00a0\u00a0\u00a0\u00a0 dell\u2019organo di stampa rappresentato)<\/li>\n<li><strong>VIA E-MAIL<\/strong>\u00a0all\u2019indirizzo \u00a0\u00a0\u00a0\u00a0 accreditamentostampa@esteri.it, \u00a0\u00a0\u00a0\u00a0 (tel. 06\/3691.3432\u2013 06\/3691.8573) allegando la documentazione \u00a0\u00a0\u00a0\u00a0 sopraindicata.<\/li>\n<\/ul>\n<p>\u00a0<\/p>\n<p>I giornalisti ed i cine-foto-operatori accreditati potranno accedere alla Farnesina\u00a0<strong>dall\u2019ingresso principale, lato destro (Sala Ospiti)<\/strong>,\u00a0<strong>dalle ore 15<\/strong><strong>.15<\/strong><strong>\u00a0\u00a0alle ore 1<\/strong><strong>5.45<\/strong>.\u00a0<\/p>\n<p>\u00a0<\/p>\n<p>\u00a0<\/p>\n<p>\u00a0<\/p>\n<p>\u00a0<\/p><\/p>\n","protected":false},"excerpt":{"rendered":"Mercoled\u00ec 24 aprile 2019, alle ore 15.30, alla Farnesina, il Ministro degli Affari Esteri e della Cooperazione Internazionale,\u00a0Enzo Moavero Milanesi, avr\u00e0 una riunione con il Rappresentante Speciale del Segretario Generale delle Nazioni Unite per la Libia, Ghassan\u00a0Salam\u00e9. Al termine,\u00a0\u00e8 previsto un punto stampa congiunto (Sala Aldo Moro). I giornalisti e i cine-foto-operatori interessati a seguire [&hellip;]","protected":false},"author":1,"featured_media":0,"comment_status":"","ping_status":"","sticky":false,"template":"","format":"standard","meta":{"footnotes":""},"categories":[24],"tags":[],"class_list":["post-25263","post","type-post","status-publish","format-standard","hentry","category-notestampa"],"_links":{"self":[{"href":"https:\/\/www.esteri.it\/it\/wp-json\/wp\/v2\/posts\/25263","targetHints":{"allow":["GET"]}}],"collection":[{"href":"https:\/\/www.esteri.it\/it\/wp-json\/wp\/v2\/posts"}],"about":[{"href":"https:\/\/www.esteri.it\/it\/wp-json\/wp\/v2\/types\/post"}],"author":[{"embeddable":true,"href":"https:\/\/www.esteri.it\/it\/wp-json\/wp\/v2\/users\/1"}],"replies":[{"embeddable":true,"href":"https:\/\/www.esteri.it\/it\/wp-json\/wp\/v2\/comments?post=25263"}],"version-history":[{"count":0,"href":"https:\/\/www.esteri.it\/it\/wp-json\/wp\/v2\/posts\/25263\/revisions"}],"wp:attachment":[{"href":"https:\/\/www.esteri.it\/it\/wp-json\/wp\/v2\/media?parent=25263"}],"wp:term":[{"taxonomy":"category","embeddable":true,"href":"https:\/\/www.esteri.it\/it\/wp-json\/wp\/v2\/categories?post=25263"},{"taxonomy":"post_tag","embeddable":true,"href":"https:\/\/www.esteri.it\/it\/wp-json\/wp\/v2\/tags?post=25263"}],"curies":[{"name":"wp","href":"https:\/\/api.w.org\/{rel}","templated":true}]}}