{"id":25437,"date":"2018-04-11T12:38:42","date_gmt":"2018-04-11T10:38:42","guid":{"rendered":"https:\/\/www.esteri.it\/sala_stampa\/archivionotizie\/comunicati\/2018\/04\/reminder-nota-di-accreditamento-stampa-presentazione-dell-iniziativa-seeds-chips-the-global-food-innovation-summit-farnesina-12-aprile-2018\/"},"modified":"2018-04-11T12:38:42","modified_gmt":"2018-04-11T10:38:42","slug":"reminder-nota-di-accreditamento-stampa-presentazione-dell-iniziativa-seeds-chips-the-global-food-innovation-summit-farnesina-12-aprile-2018","status":"publish","type":"post","link":"https:\/\/www.esteri.it\/it\/sala_stampa\/archivionotizie\/notestampa\/2018\/04\/reminder-nota-di-accreditamento-stampa-presentazione-dell-iniziativa-seeds-chips-the-global-food-innovation-summit-farnesina-12-aprile-2018\/","title":{"rendered":"Reminder &#8211;  Nota di accreditamento stampa &#8211; Presentazione dell\u2019iniziativa \u201cSeeds&#038;Chips &#8211; The Global Food Innovation Summit\u201d (Farnesina, 12 aprile 2018)"},"content":{"rendered":"<p><strong>Gioved\u00ec 12 aprile alle ore 11.00 <\/strong>si terr\u00e0 alla Farnesina la Presentazione dell\u2019iniziativa \u201c<strong>Seeds&#038;Chips &#8211; The Global Food Innovation Summit\u201d.<\/strong><\/p>\n<p>\u00a0\u00a0\u00a0\u00a0\u00a0\u00a0\u00a0\u00a0\u00a0\u00a0\u00a0<\/p>\n<p>I lavori saranno aperti dal Ministro degli Affari Esteri e della Cooperazione Internazionale <strong>Angelino Alfano<\/strong>, dal Sottosegretario alla presidenza della giunta della Regione Lombardia, <strong>Alan Rizzi <\/strong>e dal Fondatore di Seeds&#038;Chips, <strong>Marco Gualtieri<\/strong>.<\/p>\n<p>Seguiranno gli interventi di <strong>Giorgio Marrapodi<\/strong>, Direttore Generale per la Cooperazione allo Sviluppo del MAECI, <strong>Diana Battaggia<\/strong>, Direttore di UNIDO ITPO Italia, di <strong>Livia Pomodoro<\/strong>, Presidente del Milan Center for Food Law and Policy, di <strong>Francesco Loreto<\/strong>, Direttore del \u00a0Dipartimento di Scienze Bio Agroalimentari del CNR e di <strong>Roberto Ridolfi<\/strong> della FAO.<\/p>\n<p>Moderer\u00e0 l\u2019evento il Direttore Generale per la promozione del Sistema Paese, <strong>Vincenzo de Luca<\/strong>.<\/p>\n<p>Seeds&#038;Chips, che si svolger\u00e0 a maggio a Milano, \u00e8 un progetto connotato da una spiccata vocazione globale e rappresenta il pi\u00f9 importante salone internazionale dedicato al tema dell\u2019innovazione nella filiera agroalimentare.<\/p>\n<p>L\u2019evento\u00a0 si propone di sostenere l\u2019innovazione in campo agro-alimentare allo scopo di indirizzare il sistema alimentare mondiale verso una maggiore sostenibilit\u00e0 futura.<\/p>\n<p>I giornalisti e i cine-foto-operatori interessati a seguire l\u2019evento sono pregati di accreditarsi secondo una delle seguenti modalit\u00e0:<\/p>\n<p>&#8211;\u00a0 \u00a0\u00a0\u00a0\u00a0\u00a0\u00a0 compilando il formulario interattivo e selezionando l\u2019evento di interesse al link <a href=\"http:\/\/mae.accreditationsystem.info\/ITA\/Indice.asp\">http:\/\/mae.accreditationsystem.info\/ITA\/Indice.asp<\/a>, al quale dovr\u00e0 essere allegata, se non ancora presente, la documentazione digitale richiesta (lettera della testata di appartenenza e per i rappresentanti degli organi di stampa stranieri, Nota Verbale rilasciata dall\u2019Ambasciata a Roma del Paese dell\u2019organo di stampa rappresentato).<\/p>\n<p>&#8211;\u00a0\u00a0\u00a0\u00a0\u00a0\u00a0\u00a0 inviando una e-mail al Servizio per la Stampa e la Comunicazione Istituzionale del Ministero degli Affari Esteri e della Cooperazione Internazionale all\u2019indirizzo <a href=\"mailto:accreditamentostampa@esteri.it\">accreditamentostampa@esteri.it<\/a>, (tel. 06\/3691.3432-8573-8210), allegando lettera della testata di appartenenza (o tessera dell\u2019ordine dei giornalisti) e per i rappresentanti degli organi di stampa stranieri, Nota Verbale rilasciata dall\u2019Ambasciata a Roma del Paese dell\u2019organo di stampa rappresentato.<\/p>\n<p>I tesserini di accreditamento dovranno essere ritirati personalmente presso il Ministero degli Affari Esteri e della Cooperazione Internazionale, <strong>ingresso centrale, lato sinistro, a partire dalle ore 10.30<\/strong>.<\/p>\n","protected":false},"excerpt":{"rendered":"Gioved\u00ec 12 aprile alle ore 11.00 si terr\u00e0 alla Farnesina la Presentazione dell\u2019iniziativa \u201cSeeds&#038;Chips &#8211; The Global Food Innovation Summit\u201d. \u00a0\u00a0\u00a0\u00a0\u00a0\u00a0\u00a0\u00a0\u00a0\u00a0\u00a0 I lavori saranno aperti dal Ministro degli Affari Esteri e della Cooperazione Internazionale Angelino Alfano, dal Sottosegretario alla presidenza della giunta della Regione Lombardia, Alan Rizzi e dal Fondatore di Seeds&#038;Chips, Marco Gualtieri. Seguiranno [&hellip;]","protected":false},"author":1,"featured_media":0,"comment_status":"","ping_status":"","sticky":false,"template":"","format":"standard","meta":{"footnotes":""},"categories":[24],"tags":[],"class_list":["post-25437","post","type-post","status-publish","format-standard","hentry","category-notestampa"],"_links":{"self":[{"href":"https:\/\/www.esteri.it\/it\/wp-json\/wp\/v2\/posts\/25437","targetHints":{"allow":["GET"]}}],"collection":[{"href":"https:\/\/www.esteri.it\/it\/wp-json\/wp\/v2\/posts"}],"about":[{"href":"https:\/\/www.esteri.it\/it\/wp-json\/wp\/v2\/types\/post"}],"author":[{"embeddable":true,"href":"https:\/\/www.esteri.it\/it\/wp-json\/wp\/v2\/users\/1"}],"replies":[{"embeddable":true,"href":"https:\/\/www.esteri.it\/it\/wp-json\/wp\/v2\/comments?post=25437"}],"version-history":[{"count":0,"href":"https:\/\/www.esteri.it\/it\/wp-json\/wp\/v2\/posts\/25437\/revisions"}],"wp:attachment":[{"href":"https:\/\/www.esteri.it\/it\/wp-json\/wp\/v2\/media?parent=25437"}],"wp:term":[{"taxonomy":"category","embeddable":true,"href":"https:\/\/www.esteri.it\/it\/wp-json\/wp\/v2\/categories?post=25437"},{"taxonomy":"post_tag","embeddable":true,"href":"https:\/\/www.esteri.it\/it\/wp-json\/wp\/v2\/tags?post=25437"}],"curies":[{"name":"wp","href":"https:\/\/api.w.org\/{rel}","templated":true}]}}