{"id":2571,"date":"2019-11-15T15:48:42","date_gmt":"2019-11-15T14:48:42","guid":{"rendered":"https:\/\/www.esteri.it\/sala_stampa\/archivionotizie\/comunicati\/2019\/11\/continua-la-performance-positiva-dell-export-italiano\/"},"modified":"2019-11-15T15:48:42","modified_gmt":"2019-11-15T14:48:42","slug":"continua-la-performance-positiva-dell-export-italiano","status":"publish","type":"post","link":"https:\/\/www.esteri.it\/it\/sala_stampa\/archivionotizie\/comunicati\/2019\/11\/continua-la-performance-positiva-dell-export-italiano\/","title":{"rendered":"Continua la performance positiva dell\u2019export italiano"},"content":{"rendered":"<p>A settembre 2019 le esportazioni italiane sono aumentate del +6,2% rispetto allo stesso periodo del 2018. Ancora una volta, le esportazioni crescono pi\u00f9 delle altre componenti del PIL. Dopo il record del 2017, anche quest\u2019anno, tra gennaio e settembre, il saldo<strong> <\/strong>della nostra bilancia commerciale risulta positivo per oltre 35 miliardi di euro.<\/p>\n<p>I mercati dove la crescita dell\u2019export italiano \u00e8 pi\u00f9 rilevante sono quelli extra-UE, primo fra tutti il Giappone. Gi\u00e0 nei primissimi mesi di attuazione dell\u2019accordo di partenariato economico UE-Giappone, le esportazioni italiane sono cresciute del +20,2%.<\/p>\n<p>I settori trainanti sono la farmaceutica (+29,2%), la concia delle pelli (+9,3%), l\u2019abbigliamento (+7,1%) e i prodotti alimentari, bevande e tabacco (+7%). Nel caso particolare del settore agro-alimentare, vi \u00e8 stata in questi anni una forte campagna promozionale del Governo italiano e del sistema imprenditoriale; tra le iniziative di successo la Settimana della cucina italiana nel mondo, giunta alla IV edizione nel 2019.<\/p>\n<p>Questi dati sono particolarmente incoraggianti, se consideriamo il difficile contesto internazionale e le tensioni protezionistiche che hanno attraversato il mercato globale. La diplomazia economica \u00e8 sempre pi\u00f9 al centro dell\u2019azione della Farnesina, in coerenza anche con la recente riforma, che ha razionalizzato le competenze in materie di commercio estero, promozione e internazionalizzazione del sistema economico.<\/p>\n","protected":false},"excerpt":{"rendered":"A settembre 2019 le esportazioni italiane sono aumentate del +6,2% rispetto allo stesso periodo del 2018. Ancora una volta, le esportazioni crescono pi\u00f9 delle altre componenti del PIL. Dopo il record del 2017, anche quest\u2019anno, tra gennaio e settembre, il saldo della nostra bilancia commerciale risulta positivo per oltre 35 miliardi di euro. I mercati [&hellip;]","protected":false},"author":1,"featured_media":0,"comment_status":"","ping_status":"","sticky":false,"template":"","format":"standard","meta":{"footnotes":""},"categories":[1],"tags":[3],"class_list":["post-2571","post","type-post","status-publish","format-standard","hentry","category-comunicati","tag-diplomazia-economica"],"_links":{"self":[{"href":"https:\/\/www.esteri.it\/it\/wp-json\/wp\/v2\/posts\/2571","targetHints":{"allow":["GET"]}}],"collection":[{"href":"https:\/\/www.esteri.it\/it\/wp-json\/wp\/v2\/posts"}],"about":[{"href":"https:\/\/www.esteri.it\/it\/wp-json\/wp\/v2\/types\/post"}],"author":[{"embeddable":true,"href":"https:\/\/www.esteri.it\/it\/wp-json\/wp\/v2\/users\/1"}],"replies":[{"embeddable":true,"href":"https:\/\/www.esteri.it\/it\/wp-json\/wp\/v2\/comments?post=2571"}],"version-history":[{"count":0,"href":"https:\/\/www.esteri.it\/it\/wp-json\/wp\/v2\/posts\/2571\/revisions"}],"wp:attachment":[{"href":"https:\/\/www.esteri.it\/it\/wp-json\/wp\/v2\/media?parent=2571"}],"wp:term":[{"taxonomy":"category","embeddable":true,"href":"https:\/\/www.esteri.it\/it\/wp-json\/wp\/v2\/categories?post=2571"},{"taxonomy":"post_tag","embeddable":true,"href":"https:\/\/www.esteri.it\/it\/wp-json\/wp\/v2\/tags?post=2571"}],"curies":[{"name":"wp","href":"https:\/\/api.w.org\/{rel}","templated":true}]}}