{"id":25896,"date":"2016-10-31T12:05:30","date_gmt":"2016-10-31T11:05:30","guid":{"rendered":"https:\/\/www.esteri.it\/sala_stampa\/archivionotizie\/comunicati\/2016\/10\/nota-di-accreditamento-reminder_14\/"},"modified":"2016-10-31T12:05:30","modified_gmt":"2016-10-31T11:05:30","slug":"nota-di-accreditamento-reminder_14","status":"publish","type":"post","link":"https:\/\/www.esteri.it\/it\/sala_stampa\/archivionotizie\/notestampa\/2016\/10\/nota-di-accreditamento-reminder_14\/","title":{"rendered":"NOTA DI ACCREDITAMENTO &#8211; Reminder: Cerimonia di consegna del premio \u201cRita Levi Montalcini per la cooperazione scientifica tra Italia e Israele\u201d (Farnesina, 2 novembre 2016)"},"content":{"rendered":"<p><strong>Mercoled\u00ec 2 novembre, <\/strong>alle ore 11.00, avr\u00e0 luogo alla Farnesina la prima Cerimonia di consegna del premio \u201cRita Levi Montalcini per la cooperazione scientifica tra Italia e Israele\u201d.\u00a0 Interverranno il Ministro degli Affari Esteri e della Cooperazione Internazionale (MAECI), Paolo Gentiloni ed il Ministro dell\u2019Istruzione, Universit\u00e0 e Ricerca (MIUR), Stefania Giannini.<\/p>\n<p>Il Premio, promosso dal MAECI e dalla Fondazione CRUI per le Universit\u00e0 Italiane d\u2019intesa con il MIUR, intende rafforzare la collaborazione scientifica tra\u00a0 Italia e Israele.<\/p>\n<p>A ricevere il prestigioso riconoscimento sar\u00e0 il Prof. Itamar Procaccia del Weizmann Institute of Science israeliano, che svolger\u00e0 un periodo di insegnamento e studio presso l&#8217;Universit\u00e0 La Sapienza di Roma, per realizzare un progetto scientifico in collaborazione con un gruppo di ricercatori italiani, guidato dall&#8217;autorevole fisico di fama internazionale, Prof. Giorgio Parisi.<\/p>\n<p>I giornalisti e i cine-foto-operatori interessati a seguire l\u2019evento sono pregati di accreditarsi &#8211; compilando il formulario interattivo e selezionando l\u2019evento di interesse &#8211; al link <a href=\"http:\/\/mae.accreditationsystem.info\/ITA\/Indice.asp\"><strong>http:\/\/mae.accreditationsystem.info\/ITA\/Indice.asp<\/strong><\/a> Alla domanda\u00a0 dovr\u00e0 essere allegata, se non ancora presente, la documentazione digitale richiesta (lettera della testata di appartenenza e per i rappresentanti degli organi di stampa stranieri, Nota Verbale rilasciata dall\u2019Ambasciata a Roma del Paese dell\u2019organo di stampa rappresentato).<\/p>\n<p>Qualora non fosse possibile effettuare l\u2019accreditamento online, le richieste potranno essere inviate via mail al Servizio per la Stampa e la Comunicazione Istituzionale del Ministero degli Affari Esteri e della Cooperazione Internazionale all\u2019indirizzo <a href=\"mailto:accreditamentostampa@esteri.it\"><strong>accreditamentostampa@esteri.it<\/strong><\/a>\u00a0 (tel. 06\/3691.3432-8573-8210).<\/p>\n<p>I giornalisti ed i cine-foto-operatori accreditati potranno accedere alla Farnesina dall\u2019ingresso principale, lato sinistro, dalle ore 10.15.<\/p>\n","protected":false},"excerpt":{"rendered":"Mercoled\u00ec 2 novembre, alle ore 11.00, avr\u00e0 luogo alla Farnesina la prima Cerimonia di consegna del premio \u201cRita Levi Montalcini per la cooperazione scientifica tra Italia e Israele\u201d.\u00a0 Interverranno il Ministro degli Affari Esteri e della Cooperazione Internazionale (MAECI), Paolo Gentiloni ed il Ministro dell\u2019Istruzione, Universit\u00e0 e Ricerca (MIUR), Stefania Giannini. Il Premio, promosso dal [&hellip;]","protected":false},"author":1,"featured_media":0,"comment_status":"","ping_status":"","sticky":false,"template":"","format":"standard","meta":{"footnotes":""},"categories":[24],"tags":[],"class_list":["post-25896","post","type-post","status-publish","format-standard","hentry","category-notestampa"],"_links":{"self":[{"href":"https:\/\/www.esteri.it\/it\/wp-json\/wp\/v2\/posts\/25896","targetHints":{"allow":["GET"]}}],"collection":[{"href":"https:\/\/www.esteri.it\/it\/wp-json\/wp\/v2\/posts"}],"about":[{"href":"https:\/\/www.esteri.it\/it\/wp-json\/wp\/v2\/types\/post"}],"author":[{"embeddable":true,"href":"https:\/\/www.esteri.it\/it\/wp-json\/wp\/v2\/users\/1"}],"replies":[{"embeddable":true,"href":"https:\/\/www.esteri.it\/it\/wp-json\/wp\/v2\/comments?post=25896"}],"version-history":[{"count":0,"href":"https:\/\/www.esteri.it\/it\/wp-json\/wp\/v2\/posts\/25896\/revisions"}],"wp:attachment":[{"href":"https:\/\/www.esteri.it\/it\/wp-json\/wp\/v2\/media?parent=25896"}],"wp:term":[{"taxonomy":"category","embeddable":true,"href":"https:\/\/www.esteri.it\/it\/wp-json\/wp\/v2\/categories?post=25896"},{"taxonomy":"post_tag","embeddable":true,"href":"https:\/\/www.esteri.it\/it\/wp-json\/wp\/v2\/tags?post=25896"}],"curies":[{"name":"wp","href":"https:\/\/api.w.org\/{rel}","templated":true}]}}