{"id":26020,"date":"2016-05-04T16:59:53","date_gmt":"2016-05-04T14:59:53","guid":{"rendered":"https:\/\/www.esteri.it\/sala_stampa\/archivionotizie\/comunicati\/2016\/05\/nota-di-accreditamento-settima\/"},"modified":"2016-05-04T16:59:53","modified_gmt":"2016-05-04T14:59:53","slug":"nota-di-accreditamento-settima","status":"publish","type":"post","link":"https:\/\/www.esteri.it\/it\/sala_stampa\/archivionotizie\/notestampa\/2016\/05\/nota-di-accreditamento-settima\/","title":{"rendered":"NOTA DI ACCREDITAMENTO &#8211; Settima Riunione del Comitato Governativo Italia-Cina (Farnesina, 5 maggio)"},"content":{"rendered":"<p><strong>Gioved\u00ec 5 maggio alle ore 10.15,<\/strong> si terr\u00e0 alla <strong>Farnesina<\/strong> la Settima Riunione del Comitato Governativo Italia-Cina<strong>, <\/strong>la cui sessione plenaria sar\u00e0 aperta dal Ministro degli Affari Esteri e della Cooperazione Internazionale, <strong>Paolo Gentiloni <\/strong>e dal Ministro degli Affari Esteri della Repubblica Popolare cinese, <strong>Wang Yi<\/strong>.<strong><\/strong><\/p>\n<p><strong>Lo stesso giorno <\/strong>i due Ministri si incontreranno<strong> a<\/strong> <strong>Villa Madama<\/strong> e a seguire (indicativamente <strong>ore 14.30<\/strong>) terranno una conferenza stampa congiunta.<\/p>\n<p>Alle ore 15.30 circa, il Ministro Gentiloni e il Ministro Wang apriranno a Villa Madama il Business\u00a0 Forum Italia \u2013 Cina.<\/p>\n<p><strong>La giornata prevede i seguenti momenti stampa:<\/strong><\/p>\n<ul>\n<li>ore \u00a0\u00a0\u00a0\u00a0 10.15\u00a0 (Farnesina) &#8211; sessione plenaria<\/li>\n<li>ore \u00a0\u00a0\u00a0\u00a0 10.50\u00a0 (Farnesina) \u2013 foto di famiglia, aperta a fotografi e operatori \u00a0\u00a0\u00a0\u00a0 televisivi<\/li>\n<li>ore \u00a0\u00a0\u00a0\u00a0 14.30 (Villa Madama) &#8211; conferenza stampa congiunta<\/li>\n<li>ore \u00a0\u00a0\u00a0\u00a0 15.30 (Villa Madama) Business\u00a0 Forum \u00a0\u00a0\u00a0\u00a0 Italia \u2013 Cina<\/li>\n<\/ul>\n<p>\u00a0<\/p>\n<p>I giornalisti, i fotografi e gli operatori televisivi interessati a seguire i momenti stampa sono pregati di accreditarsi online compilando il formulario interattivo al link <a href=\"http:\/\/mae.accreditationsystem.info\/ITA\/Indice.asp\">http:\/\/mae.accreditationsystem.info\/ITA\/Indice.asp<\/a> al quale dovr\u00e0 essere allegata, se non ancora presente, la documentazione digitale richiesta (lettera della testata di appartenenza e per i rappresentanti degli organi di stampa stranieri, Nota Verbale rilasciata dall\u2019Ambasciata a Roma del Paese dell\u2019organo di stampa rappresentato).<\/p>\n<p>Qualora non fosse possibile effettuare l\u2019accreditamento online, le richieste potranno essere inviate via mail al Servizio per la Stampa e la Comunicazione Istituzionale del Ministero degli Affari Esteri e della Cooperazione Internazionale all\u2019indirizzo <a href=\"mailto:accreditamentostampa@esteri.it\">accreditamentostampa@esteri.it<\/a> \u00a0(tel.\u00a0 06\/3691.3432 \u2013 06\/3691.3070).<\/p>\n<p>I rappresentanti degli organi di stampa accreditati potranno accedere alla Farnesina con le seguenti modalit\u00e0:<strong><\/strong><\/p>\n<ul>\n<li>dalle \u00a0\u00a0\u00a0\u00a0 9.15 alle ore 9.45, dall\u2019ingresso posteriore sito in via Macchia della\u00a0Farnesina \u2013 per la sessione plenaria<\/li>\n<li>dalle \u00a0\u00a0\u00a0\u00a0 ore 13.00 alle ore 14.10 dall\u2019ingresso posteriore sito\u00a0in via Macchia della Farnesina \u2013 per\u00a0 la Conferenza stampa<\/li>\n<\/ul>\n<p>\u00a0<\/p>\n<p><strong>Non essendo consentito giungere a Villa Madama con mezzi propri, sar\u00e0 previsto un servizio di navette dalla Farnesina a Villa Madama e ritorno<\/strong>, operativo dalle ore 13.00 circa.<\/p>\n<p>\u00a0<\/p>\n<p>\u00a0<\/p>\n<p>\u00a0<\/p>\n<p>\u00a0<\/p>\n<p>\u00a0<\/p>\n<p>\u00a0<\/p>\n<p>\u00a0<\/p>\n<p>\u00a0<\/p><\/p>\n","protected":false},"excerpt":{"rendered":"Gioved\u00ec 5 maggio alle ore 10.15, si terr\u00e0 alla Farnesina la Settima Riunione del Comitato Governativo Italia-Cina, la cui sessione plenaria sar\u00e0 aperta dal Ministro degli Affari Esteri e della Cooperazione Internazionale, Paolo Gentiloni e dal Ministro degli Affari Esteri della Repubblica Popolare cinese, Wang Yi. Lo stesso giorno i due Ministri si incontreranno a [&hellip;]","protected":false},"author":1,"featured_media":0,"comment_status":"","ping_status":"","sticky":false,"template":"","format":"standard","meta":{"footnotes":""},"categories":[24],"tags":[],"class_list":["post-26020","post","type-post","status-publish","format-standard","hentry","category-notestampa"],"_links":{"self":[{"href":"https:\/\/www.esteri.it\/it\/wp-json\/wp\/v2\/posts\/26020","targetHints":{"allow":["GET"]}}],"collection":[{"href":"https:\/\/www.esteri.it\/it\/wp-json\/wp\/v2\/posts"}],"about":[{"href":"https:\/\/www.esteri.it\/it\/wp-json\/wp\/v2\/types\/post"}],"author":[{"embeddable":true,"href":"https:\/\/www.esteri.it\/it\/wp-json\/wp\/v2\/users\/1"}],"replies":[{"embeddable":true,"href":"https:\/\/www.esteri.it\/it\/wp-json\/wp\/v2\/comments?post=26020"}],"version-history":[{"count":0,"href":"https:\/\/www.esteri.it\/it\/wp-json\/wp\/v2\/posts\/26020\/revisions"}],"wp:attachment":[{"href":"https:\/\/www.esteri.it\/it\/wp-json\/wp\/v2\/media?parent=26020"}],"wp:term":[{"taxonomy":"category","embeddable":true,"href":"https:\/\/www.esteri.it\/it\/wp-json\/wp\/v2\/categories?post=26020"},{"taxonomy":"post_tag","embeddable":true,"href":"https:\/\/www.esteri.it\/it\/wp-json\/wp\/v2\/tags?post=26020"}],"curies":[{"name":"wp","href":"https:\/\/api.w.org\/{rel}","templated":true}]}}