{"id":26034,"date":"2016-04-08T11:22:09","date_gmt":"2016-04-08T09:22:09","guid":{"rendered":"https:\/\/www.esteri.it\/sala_stampa\/archivionotizie\/comunicati\/2016\/04\/nota-di-accreditamento-presentazione_1\/"},"modified":"2016-04-08T11:22:09","modified_gmt":"2016-04-08T09:22:09","slug":"nota-di-accreditamento-presentazione_1","status":"publish","type":"post","link":"https:\/\/www.esteri.it\/it\/sala_stampa\/archivionotizie\/notestampa\/2016\/04\/nota-di-accreditamento-presentazione_1\/","title":{"rendered":"NOTA DI ACCREDITAMENTO &#8211; Piano Nazionale di risposta all&#8217;emergenza alimentare provocata da &#8220;El Ni\u0148o\u201d in Africa (Farnesina, 14 aprile)"},"content":{"rendered":"<p><strong>Gioved\u00ec 14 aprile alle ore 9.15, alla Farnesina, <\/strong>il Vice Ministro degli Affari Esteri e della Cooperazione Internazionale, <strong>Mario Giro, <\/strong>il Direttore Generale della Cooperazione allo Sviluppo,<strong> Giampaolo<\/strong> <strong>Cantini<\/strong> e il Direttore dell\u2019Agenzia Italiana per la Cooperazione allo Sviluppo (AICS), <strong>Laura Frigenti<\/strong> presenteranno alla stampa il Piano Nazionale di risposta all\u2019emergenza alimentare, provocata dal fenomeno climatico \u201cEl Ni\u0148o\u201d in numerosi Paesi dell\u2019Africa.<\/p>\n<p>Il piano include la realizzazione di interventi in cinque Paesi (Etiopia, Mozambico, Malawi, Swaziland e Zimbabwe) per un ammontare complessivo di 10 milioni di euro, destinati a finanziare sia interventi di prima emergenza in favore delle comunit\u00e0 pi\u00f9 vulnerabili, sia progetti per la ripresa delle attivit\u00e0 agro-pastorali, la cui realizzazione sar\u00e0 affidata a ONG italiane operanti in loco e al sistema delle Nazioni Unite.<\/p>\n<p>I giornalisti e i cine-foto-operatori interessati a seguire la presentazione sono pregati di accreditarsi online compilando il formulario interattivo al link <strong><a href=\"http:\/\/mae.accreditationsystem.info\/ITA\/Indice.asp\">http:\/\/mae.accreditationsystem.info\/ITA\/Indice.asp<\/a><\/strong> al quale dovr\u00e0 essere allegata, se non ancora presente, la documentazione digitale richiesta (lettera della testata di appartenenza e per i rappresentanti degli organi di stampa stranieri, Nota Verbale rilasciata dall\u2019Ambasciata a Roma del Paese dell\u2019organo di stampa rappresentato). <strong><\/strong><\/p>\n<p>Qualora non fosse possibile effettuare l\u2019accreditamento online, le richieste potranno essere inviate via mail al Servizio per la Stampa e la Comunicazione Istituzionale del Ministero degli Affari Esteri e della Cooperazione Internazionale all\u2019indirizzo <strong><a href=\"mailto:accreditamentostampa@esteri.it\">accreditamentostampa@esteri.it<\/a><\/strong> (tel. 06\/3691.3432-8573-8210). <strong><\/strong><\/p>\n<p>I rappresentanti degli organi di stampa accreditati potranno accedere alla Farnesina <strong>dall\u2019ingresso centrale, lato sinistro, dalle ore 8.45 alle 9.15.<\/strong><\/p>\n","protected":false},"excerpt":{"rendered":"Gioved\u00ec 14 aprile alle ore 9.15, alla Farnesina, il Vice Ministro degli Affari Esteri e della Cooperazione Internazionale, Mario Giro, il Direttore Generale della Cooperazione allo Sviluppo, Giampaolo Cantini e il Direttore dell\u2019Agenzia Italiana per la Cooperazione allo Sviluppo (AICS), Laura Frigenti presenteranno alla stampa il Piano Nazionale di risposta all\u2019emergenza alimentare, provocata dal fenomeno [&hellip;]","protected":false},"author":1,"featured_media":0,"comment_status":"","ping_status":"","sticky":false,"template":"","format":"standard","meta":{"footnotes":""},"categories":[24],"tags":[],"class_list":["post-26034","post","type-post","status-publish","format-standard","hentry","category-notestampa"],"_links":{"self":[{"href":"https:\/\/www.esteri.it\/it\/wp-json\/wp\/v2\/posts\/26034","targetHints":{"allow":["GET"]}}],"collection":[{"href":"https:\/\/www.esteri.it\/it\/wp-json\/wp\/v2\/posts"}],"about":[{"href":"https:\/\/www.esteri.it\/it\/wp-json\/wp\/v2\/types\/post"}],"author":[{"embeddable":true,"href":"https:\/\/www.esteri.it\/it\/wp-json\/wp\/v2\/users\/1"}],"replies":[{"embeddable":true,"href":"https:\/\/www.esteri.it\/it\/wp-json\/wp\/v2\/comments?post=26034"}],"version-history":[{"count":0,"href":"https:\/\/www.esteri.it\/it\/wp-json\/wp\/v2\/posts\/26034\/revisions"}],"wp:attachment":[{"href":"https:\/\/www.esteri.it\/it\/wp-json\/wp\/v2\/media?parent=26034"}],"wp:term":[{"taxonomy":"category","embeddable":true,"href":"https:\/\/www.esteri.it\/it\/wp-json\/wp\/v2\/categories?post=26034"},{"taxonomy":"post_tag","embeddable":true,"href":"https:\/\/www.esteri.it\/it\/wp-json\/wp\/v2\/tags?post=26034"}],"curies":[{"name":"wp","href":"https:\/\/api.w.org\/{rel}","templated":true}]}}