{"id":26038,"date":"2016-03-31T19:25:00","date_gmt":"2016-03-31T17:25:00","guid":{"rendered":"https:\/\/www.esteri.it\/sala_stampa\/archivionotizie\/comunicati\/2016\/03\/nota-di-accreditamento-punto-stampa_1\/"},"modified":"2016-03-31T19:25:00","modified_gmt":"2016-03-31T17:25:00","slug":"nota-di-accreditamento-punto-stampa_1","status":"publish","type":"post","link":"https:\/\/www.esteri.it\/it\/sala_stampa\/archivionotizie\/notestampa\/2016\/03\/nota-di-accreditamento-punto-stampa_1\/","title":{"rendered":"NOTA DI ACCREDITAMENTO &#8211; Punto stampa Ministro Paolo Gentiloni e Presidente della Commissione Nazionale italiana per l&#8217;UNESCO, Franco Bernab\u00e9 (Farnesina, 4 aprile 2016)"},"content":{"rendered":"<p><strong>Luned\u00ec 4 aprile<\/strong>, il Ministro degli Affari Esteri e della Cooperazione Internazionale <strong>Paolo Gentiloni<\/strong> incontrer\u00e0 Presidente della Commissione Nazionale italiana per l&#8217;UNESCO, Franco Bernab\u00e9.<\/p>\n<p>Al termine dell\u2019incontro,\u00a0<strong>alle ore 11.30<\/strong>,\u00a0 \u00e8 previsto un <strong>punto stampa congiunto<\/strong>.<\/p>\n<p>I giornalisti e i cine-foto-operatori interessati a seguire il punto stampa sono pregati di accreditarsi online compilando il formulario interattivo al link <a href=\"http:\/\/mae.accreditationsystem.info\/ITA\/Indice.asp\" title=\"http:\/\/mae.accreditationsystem.info\/ITA\/Indice.asp\n<a href=\">http:\/\/mae.accreditationsystem.info\/ITA\/Indice.asp<\/a>\u00a0al quale dovr\u00e0 essere allegata, se non ancora presente, la documentazione digitale richiesta (lettera della testata di appartenenza e per i rappresentanti degli organi di stampa stranieri, Nota Verbale rilasciata dall\u2019Ambasciata a Roma del Paese dell\u2019organo di stampa rappresentato).<\/p>\n<p>Qualora non fosse possibile effettuare l\u2019accreditamento online, le richieste potranno essere inviate via mail al Servizio per la Stampa e la Comunicazione Istituzionale del Ministero degli Affari Esteri e della Cooperazione internazionale all\u2019indirizzo <a href=\"mailto:accreditamentostampa@esteri.it\">accreditamentostampa@esteri.it<\/a> (tel. 06\/3691.3432-8573-8210).<\/p>\n<p><strong>I giornalisti e i cine-foto-operatori accreditati potranno accedere alla Farnesina dall\u2019ingresso posteriore sito in via Macchia della Farnesina, dalle 10.45 alle 11.15.<\/strong><\/p>\n","protected":false},"excerpt":{"rendered":"Luned\u00ec 4 aprile, il Ministro degli Affari Esteri e della Cooperazione Internazionale Paolo Gentiloni incontrer\u00e0 Presidente della Commissione Nazionale italiana per l&#8217;UNESCO, Franco Bernab\u00e9. Al termine dell\u2019incontro,\u00a0alle ore 11.30,\u00a0 \u00e8 previsto un punto stampa congiunto. I giornalisti e i cine-foto-operatori interessati a seguire il punto stampa sono pregati di accreditarsi online compilando il formulario interattivo [&hellip;]","protected":false},"author":1,"featured_media":0,"comment_status":"","ping_status":"","sticky":false,"template":"","format":"standard","meta":{"footnotes":""},"categories":[24],"tags":[],"class_list":["post-26038","post","type-post","status-publish","format-standard","hentry","category-notestampa"],"_links":{"self":[{"href":"https:\/\/www.esteri.it\/it\/wp-json\/wp\/v2\/posts\/26038","targetHints":{"allow":["GET"]}}],"collection":[{"href":"https:\/\/www.esteri.it\/it\/wp-json\/wp\/v2\/posts"}],"about":[{"href":"https:\/\/www.esteri.it\/it\/wp-json\/wp\/v2\/types\/post"}],"author":[{"embeddable":true,"href":"https:\/\/www.esteri.it\/it\/wp-json\/wp\/v2\/users\/1"}],"replies":[{"embeddable":true,"href":"https:\/\/www.esteri.it\/it\/wp-json\/wp\/v2\/comments?post=26038"}],"version-history":[{"count":0,"href":"https:\/\/www.esteri.it\/it\/wp-json\/wp\/v2\/posts\/26038\/revisions"}],"wp:attachment":[{"href":"https:\/\/www.esteri.it\/it\/wp-json\/wp\/v2\/media?parent=26038"}],"wp:term":[{"taxonomy":"category","embeddable":true,"href":"https:\/\/www.esteri.it\/it\/wp-json\/wp\/v2\/categories?post=26038"},{"taxonomy":"post_tag","embeddable":true,"href":"https:\/\/www.esteri.it\/it\/wp-json\/wp\/v2\/tags?post=26038"}],"curies":[{"name":"wp","href":"https:\/\/api.w.org\/{rel}","templated":true}]}}