{"id":2606,"date":"2019-11-05T09:57:06","date_gmt":"2019-11-05T08:57:06","guid":{"rendered":"https:\/\/www.esteri.it\/sala_stampa\/archivionotizie\/comunicati\/2019\/11\/il-ministro-degli-affari-esteri-luigi-di-maio-partecipa-alla-2-edizione-della-china-international-import-expo-ciie-di-shanghai\/"},"modified":"2019-11-05T09:57:06","modified_gmt":"2019-11-05T08:57:06","slug":"il-ministro-degli-affari-esteri-luigi-di-maio-partecipa-alla-2-edizione-della-china-international-import-expo-ciie-di-shanghai","status":"publish","type":"post","link":"https:\/\/www.esteri.it\/it\/sala_stampa\/archivionotizie\/comunicati\/2019\/11\/il-ministro-degli-affari-esteri-luigi-di-maio-partecipa-alla-2-edizione-della-china-international-import-expo-ciie-di-shanghai\/","title":{"rendered":"Il Ministro degli Affari Esteri Luigi Di Maio partecipa alla 2\u00b0 edizione della China International Import Expo (CIIE) di Shanghai"},"content":{"rendered":"<p>Il Ministro degli Affari Esteri e della Cooperazione Internazionale, Luigi Di Maio, ha preso parte alla 2\u00b0 edizione della China International Import Expo (CIIE) di Shanghai che \u00e8 stata inaugurata oggi dal Presidente cinese Xi Jinping.<\/p>\n<p>Il Ministro Di Maio ha sottolineato nel suo intervento l\u2019importanza della collaborazione internazionale all\u2019insegna dell\u2019inclusivit\u00e0, della sostenibilit\u00e0 e della parit\u00e0 di condizioni tra operatori economici.<\/p>\n<p>Il Capo della diplomazia italiana ha quindi confermato che l\u2019Italia, continuer\u00e0 a lavorare attivamente per consolidare il proprio posizionamento commerciale in Cina, e per accrescere ulteriormente la visibilit\u00e0 e la reputazione del Made in Italy.<\/p>\n","protected":false},"excerpt":{"rendered":"Il Ministro degli Affari Esteri e della Cooperazione Internazionale, Luigi Di Maio, ha preso parte alla 2\u00b0 edizione della China International Import Expo (CIIE) di Shanghai che \u00e8 stata inaugurata oggi dal Presidente cinese Xi Jinping. Il Ministro Di Maio ha sottolineato nel suo intervento l\u2019importanza della collaborazione internazionale all\u2019insegna dell\u2019inclusivit\u00e0, della sostenibilit\u00e0 e della [&hellip;]","protected":false},"author":1,"featured_media":0,"comment_status":"","ping_status":"","sticky":false,"template":"","format":"standard","meta":{"footnotes":""},"categories":[1],"tags":[45,3],"class_list":["post-2606","post","type-post","status-publish","format-standard","hentry","category-comunicati","tag-asia-e-oceania","tag-diplomazia-economica"],"_links":{"self":[{"href":"https:\/\/www.esteri.it\/it\/wp-json\/wp\/v2\/posts\/2606","targetHints":{"allow":["GET"]}}],"collection":[{"href":"https:\/\/www.esteri.it\/it\/wp-json\/wp\/v2\/posts"}],"about":[{"href":"https:\/\/www.esteri.it\/it\/wp-json\/wp\/v2\/types\/post"}],"author":[{"embeddable":true,"href":"https:\/\/www.esteri.it\/it\/wp-json\/wp\/v2\/users\/1"}],"replies":[{"embeddable":true,"href":"https:\/\/www.esteri.it\/it\/wp-json\/wp\/v2\/comments?post=2606"}],"version-history":[{"count":0,"href":"https:\/\/www.esteri.it\/it\/wp-json\/wp\/v2\/posts\/2606\/revisions"}],"wp:attachment":[{"href":"https:\/\/www.esteri.it\/it\/wp-json\/wp\/v2\/media?parent=2606"}],"wp:term":[{"taxonomy":"category","embeddable":true,"href":"https:\/\/www.esteri.it\/it\/wp-json\/wp\/v2\/categories?post=2606"},{"taxonomy":"post_tag","embeddable":true,"href":"https:\/\/www.esteri.it\/it\/wp-json\/wp\/v2\/tags?post=2606"}],"curies":[{"name":"wp","href":"https:\/\/api.w.org\/{rel}","templated":true}]}}