{"id":2610,"date":"2019-11-04T14:30:25","date_gmt":"2019-11-04T13:30:25","guid":{"rendered":"https:\/\/www.esteri.it\/sala_stampa\/archivionotizie\/comunicati\/2019\/11\/il-sottosegretario-di-stefano-all-assemblea-annuale-di-confitarma\/"},"modified":"2019-11-04T14:30:25","modified_gmt":"2019-11-04T13:30:25","slug":"il-sottosegretario-di-stefano-all-assemblea-annuale-di-confitarma","status":"publish","type":"post","link":"https:\/\/www.esteri.it\/it\/sala_stampa\/archivionotizie\/comunicati\/2019\/11\/il-sottosegretario-di-stefano-all-assemblea-annuale-di-confitarma\/","title":{"rendered":"Il Sottosegretario Di Stefano all\u2019Assemblea Annuale di CONFITARMA"},"content":{"rendered":"<p>Il Sottosegretario agli Affari Esteri e alla Cooperazione Internazionale Manlio Di Stefano \u00e8 intervenuto all\u2019Assemblea Nazionale annuale di CONFITARMA, innanzi a una folta platea di armatori e operatori del settore marittimo.<\/p>\n<p>Il Forum si \u00e8 incentrato sulle sfide e le opportunit\u00e0 poste dalla gestione delle attivit\u00e0 connesse alla cd. Blue Economy, nel Mediterraneo quanto in altri mari, e ha consentito di sottolineare la crescita del settore degli ultimi anni, in concomitanza con la crescente importanza del mare, sia sotto il profilo commerciale che securitario, per l\u2019Italia.<\/p>\n<p>\u201cSiamo pronti \u2013 ha dichiarato il Sottosegretario Di Stefano \u2013 a cavalcare questo che possiamo definire il \u201cSecolo Blu\u201d. Per questo \u00e8 fondamentale creare una governance nazionale, dedicata, unica e di coordinamento per il settore del mare. Del resto, un\u2019industria tecnologica come quella dello shipping non pu\u00f2 essere imbrigliata dalla burocrazia ma va snellita. Come Governo ci stiamo inoltre impegnando per lanciare la \u201cGreen Shipping\u201d, ossia una rete di distribuzione di GNL per le navi e l&#8217;elettrificazione delle banchine. In futuro, sempre pi\u00f9 commercio e turismo si muoveranno via mare e noi dobbiamo essere pronti a vincere questa sfida.\u201d<\/p>\n","protected":false},"excerpt":{"rendered":"Il Sottosegretario agli Affari Esteri e alla Cooperazione Internazionale Manlio Di Stefano \u00e8 intervenuto all\u2019Assemblea Nazionale annuale di CONFITARMA, innanzi a una folta platea di armatori e operatori del settore marittimo. Il Forum si \u00e8 incentrato sulle sfide e le opportunit\u00e0 poste dalla gestione delle attivit\u00e0 connesse alla cd. Blue Economy, nel Mediterraneo quanto in [&hellip;]","protected":false},"author":1,"featured_media":0,"comment_status":"","ping_status":"","sticky":false,"template":"","format":"standard","meta":{"footnotes":""},"categories":[1],"tags":[3,399],"class_list":["post-2610","post","type-post","status-publish","format-standard","hentry","category-comunicati","tag-diplomazia-economica","tag-vice-ministri-e-sottosegretari-precedenti"],"_links":{"self":[{"href":"https:\/\/www.esteri.it\/it\/wp-json\/wp\/v2\/posts\/2610","targetHints":{"allow":["GET"]}}],"collection":[{"href":"https:\/\/www.esteri.it\/it\/wp-json\/wp\/v2\/posts"}],"about":[{"href":"https:\/\/www.esteri.it\/it\/wp-json\/wp\/v2\/types\/post"}],"author":[{"embeddable":true,"href":"https:\/\/www.esteri.it\/it\/wp-json\/wp\/v2\/users\/1"}],"replies":[{"embeddable":true,"href":"https:\/\/www.esteri.it\/it\/wp-json\/wp\/v2\/comments?post=2610"}],"version-history":[{"count":0,"href":"https:\/\/www.esteri.it\/it\/wp-json\/wp\/v2\/posts\/2610\/revisions"}],"wp:attachment":[{"href":"https:\/\/www.esteri.it\/it\/wp-json\/wp\/v2\/media?parent=2610"}],"wp:term":[{"taxonomy":"category","embeddable":true,"href":"https:\/\/www.esteri.it\/it\/wp-json\/wp\/v2\/categories?post=2610"},{"taxonomy":"post_tag","embeddable":true,"href":"https:\/\/www.esteri.it\/it\/wp-json\/wp\/v2\/tags?post=2610"}],"curies":[{"name":"wp","href":"https:\/\/api.w.org\/{rel}","templated":true}]}}