{"id":26119,"date":"2015-11-24T17:29:32","date_gmt":"2015-11-24T16:29:32","guid":{"rendered":"https:\/\/www.esteri.it\/sala_stampa\/archivionotizie\/comunicati\/2015\/11\/nota-di-servizio-per-i-redattori_126\/"},"modified":"2015-11-24T17:29:32","modified_gmt":"2015-11-24T16:29:32","slug":"nota-di-servizio-per-i-redattori_126","status":"publish","type":"post","link":"https:\/\/www.esteri.it\/it\/sala_stampa\/archivionotizie\/notestampa\/2015\/11\/nota-di-servizio-per-i-redattori_126\/","title":{"rendered":"NOTA DI SERVIZIO PER I REDATTORI CAPO &#8211; Presentazione Conferenza MED 2015 (Farnesina, 30 novembre)"},"content":{"rendered":"<p>Luned\u00ec 30 novembre, alle ore 11.00, alla Farnesina il Ministro degli Affari Esteri e della Cooperazione Internazionale, <strong>Paolo Gentiloni<\/strong>, e il Vice Presidente Esecutivo e Direttore\u00a0 dell\u2019Istituto per gli Studi di Politica Internazionale (ISPI), <strong>Paolo Magri<\/strong>, presenteranno alla stampa la <strong>Conferenza MED 2015 &#8211; Mediterranean Dialogues<\/strong>, che il Ministero degli Affari Esteri\u00a0 e della Cooperazione Internazionale e l\u2019ISPI promuovono a Roma dal 10 al 12 dicembre prossimi.<\/p>\n<p>L\u2019obiettivo della Conferenza MED 2015 <i>\u201cBeyond Turmoil, a positive Agenda\u201d<\/i> \u00e8 quello di fornire le basi per una nuova agenda per il Mediterraneo affinch\u00e8 la Regione cessi di essere percepita solo come sinonimo di crisi pericolo e instabilit\u00e0, ma torni ad essere teatro di opportunit\u00e0.<\/p>\n<p>La Conferenza si concentrer\u00e0 quindi sulle attuali sfide e trasformazioni dello scenario Mediterraneo diventato l\u2019epicentro del disordine internazionale. La priorit\u00e0 resta la sconfitta di Daesh e dell\u2019estremismo violento, ma \u00e8 necessario andare oltre il caos attuale e immaginare un nuovo ordine regionale costruito attraverso la diplomazia, il partenariato, la governance e il co-sviluppo.<\/p>\n<p>I giornalisti e i cine-foto-operatori interessati a seguire la presentazione sono pregati di accreditarsi online compilando il formulario interattivo al link <strong><a href=\"http:\/\/mae.accreditationsystem.info\/ITA\/Indice.asp\">http:\/\/mae.accreditationsystem.info\/ITA\/Indice.asp<\/a><\/strong> al quale dovr\u00e0 essere allegata, se non ancora presente, la documentazione digitale richiesta (lettera della testata di appartenenza e per i rappresentanti degli organi di stampa stranieri, Nota Verbale rilasciata dall\u2019Ambasciata a Roma del Paese dell\u2019organo di stampa rappresentato) <strong>entro e non oltre le ore 17.00 di venerd\u00ec 27 novembre.<\/strong><\/p>\n<p>Qualora non fosse possibile effettuare l\u2019accreditamento online, le richieste potranno essere inviate via mail al Servizio per la Stampa e la Comunicazione Istituzionale del Ministero degli Affari Esteri e della Cooperazione Internazionale all\u2019indirizzo <strong><a href=\"mailto:accreditamentostampa@esteri.it\">accreditamentostampa@esteri.it<\/a><\/strong> (tel. 06\/3691.3432-8573-8210).<\/p>\n<p>I rappresentanti degli organi di stampa accreditati potranno accedere alla Farnesina <strong>dall\u2019ingresso centrale, lato sinistro, dalle ore 10.15 alle ore 10.45.<\/strong><\/p>\n<p><strong>\u00a0<\/strong><\/p>\n","protected":false},"excerpt":{"rendered":"Luned\u00ec 30 novembre, alle ore 11.00, alla Farnesina il Ministro degli Affari Esteri e della Cooperazione Internazionale, Paolo Gentiloni, e il Vice Presidente Esecutivo e Direttore\u00a0 dell\u2019Istituto per gli Studi di Politica Internazionale (ISPI), Paolo Magri, presenteranno alla stampa la Conferenza MED 2015 &#8211; Mediterranean Dialogues, che il Ministero degli Affari Esteri\u00a0 e della Cooperazione [&hellip;]","protected":false},"author":1,"featured_media":0,"comment_status":"","ping_status":"","sticky":false,"template":"","format":"standard","meta":{"footnotes":""},"categories":[24],"tags":[],"class_list":["post-26119","post","type-post","status-publish","format-standard","hentry","category-notestampa"],"_links":{"self":[{"href":"https:\/\/www.esteri.it\/it\/wp-json\/wp\/v2\/posts\/26119","targetHints":{"allow":["GET"]}}],"collection":[{"href":"https:\/\/www.esteri.it\/it\/wp-json\/wp\/v2\/posts"}],"about":[{"href":"https:\/\/www.esteri.it\/it\/wp-json\/wp\/v2\/types\/post"}],"author":[{"embeddable":true,"href":"https:\/\/www.esteri.it\/it\/wp-json\/wp\/v2\/users\/1"}],"replies":[{"embeddable":true,"href":"https:\/\/www.esteri.it\/it\/wp-json\/wp\/v2\/comments?post=26119"}],"version-history":[{"count":0,"href":"https:\/\/www.esteri.it\/it\/wp-json\/wp\/v2\/posts\/26119\/revisions"}],"wp:attachment":[{"href":"https:\/\/www.esteri.it\/it\/wp-json\/wp\/v2\/media?parent=26119"}],"wp:term":[{"taxonomy":"category","embeddable":true,"href":"https:\/\/www.esteri.it\/it\/wp-json\/wp\/v2\/categories?post=26119"},{"taxonomy":"post_tag","embeddable":true,"href":"https:\/\/www.esteri.it\/it\/wp-json\/wp\/v2\/tags?post=26119"}],"curies":[{"name":"wp","href":"https:\/\/api.w.org\/{rel}","templated":true}]}}