{"id":2612,"date":"2019-11-04T14:28:27","date_gmt":"2019-11-04T13:28:27","guid":{"rendered":"https:\/\/www.esteri.it\/sala_stampa\/archivionotizie\/comunicati\/2019\/11\/bolivia-merlo-riceve-la-vice-ministra-almendras-appello-al-dialogo\/"},"modified":"2019-11-04T14:28:27","modified_gmt":"2019-11-04T13:28:27","slug":"bolivia-merlo-riceve-la-vice-ministra-almendras-appello-al-dialogo","status":"publish","type":"post","link":"https:\/\/www.esteri.it\/it\/sala_stampa\/archivionotizie\/comunicati\/2019\/11\/bolivia-merlo-riceve-la-vice-ministra-almendras-appello-al-dialogo\/","title":{"rendered":"Bolivia \u2013 Merlo riceve la Vice Ministra Almendras: appello al dialogo"},"content":{"rendered":"<p>Il Sottosegretario agli Affari Esteri e alla Cooperazione Internazionale, Ricardo Merlo, ha ricevuto alla Farnesina, su sua richiesta e su delega del Ministro Di Maio, la Vice Ministra degli Affari Esteri della Bolivia, Carmen Almendras.<\/p>\n<p>Il Sottosegretario ha ascoltato il quadro fornito dalla Vice Ministra in merito alle tensioni e le proteste verificatesi in Bolivia dopo le elezioni del 20 ottobre scorso. Merlo ha quindi formulato innanzitutto un appello al dialogo e alla necessit\u00e0 di evitare ulteriori violenze, sia da parte dei manifestanti che da parte delle forze dell\u2019ordine. \u201cL\u2019Italia\u201d \u2013 ha detto Merlo \u2013 \u201capprezza l\u2019invito del governo boliviano all\u2019OSA (Organizzazione degli Stati Americani) ad avviare una nuova missione per la verifica del voto e chiede che alla missione, attualmente in corso, sia assicurato il pi\u00f9 ampio accesso ai dati e la pi\u00f9 completa collaborazione al fine di fugare ogni dubbio sulla credibilit\u00e0 del processo elettorale\u201d.<\/p>\n<p>\u201cSar\u00e0 essenziale\u201d \u2013 ha proseguito il Sottosegretario \u2013 \u201cche tanto il governo quanto l\u2019opposizione rispettino l\u2019esito della missione e le sue indicazioni\u201d. L\u2019Italia sostiene anche con un contributo finanziario questa nuova missione di verifica, alla quale partecipa un esperto di cittadinanza italiana.<\/p>\n","protected":false},"excerpt":{"rendered":"Il Sottosegretario agli Affari Esteri e alla Cooperazione Internazionale, Ricardo Merlo, ha ricevuto alla Farnesina, su sua richiesta e su delega del Ministro Di Maio, la Vice Ministra degli Affari Esteri della Bolivia, Carmen Almendras. Il Sottosegretario ha ascoltato il quadro fornito dalla Vice Ministra in merito alle tensioni e le proteste verificatesi in Bolivia [&hellip;]","protected":false},"author":1,"featured_media":0,"comment_status":"","ping_status":"","sticky":false,"template":"","format":"standard","meta":{"footnotes":""},"categories":[1],"tags":[398,399],"class_list":["post-2612","post","type-post","status-publish","format-standard","hentry","category-comunicati","tag-america-latina-e-caraibi","tag-vice-ministri-e-sottosegretari-precedenti"],"_links":{"self":[{"href":"https:\/\/www.esteri.it\/it\/wp-json\/wp\/v2\/posts\/2612","targetHints":{"allow":["GET"]}}],"collection":[{"href":"https:\/\/www.esteri.it\/it\/wp-json\/wp\/v2\/posts"}],"about":[{"href":"https:\/\/www.esteri.it\/it\/wp-json\/wp\/v2\/types\/post"}],"author":[{"embeddable":true,"href":"https:\/\/www.esteri.it\/it\/wp-json\/wp\/v2\/users\/1"}],"replies":[{"embeddable":true,"href":"https:\/\/www.esteri.it\/it\/wp-json\/wp\/v2\/comments?post=2612"}],"version-history":[{"count":0,"href":"https:\/\/www.esteri.it\/it\/wp-json\/wp\/v2\/posts\/2612\/revisions"}],"wp:attachment":[{"href":"https:\/\/www.esteri.it\/it\/wp-json\/wp\/v2\/media?parent=2612"}],"wp:term":[{"taxonomy":"category","embeddable":true,"href":"https:\/\/www.esteri.it\/it\/wp-json\/wp\/v2\/categories?post=2612"},{"taxonomy":"post_tag","embeddable":true,"href":"https:\/\/www.esteri.it\/it\/wp-json\/wp\/v2\/tags?post=2612"}],"curies":[{"name":"wp","href":"https:\/\/api.w.org\/{rel}","templated":true}]}}