{"id":26123,"date":"2015-11-12T13:05:53","date_gmt":"2015-11-12T12:05:53","guid":{"rendered":"https:\/\/www.esteri.it\/sala_stampa\/archivionotizie\/comunicati\/2015\/11\/nota-di-servizio-per-i-redattori_124\/"},"modified":"2015-11-12T13:05:53","modified_gmt":"2015-11-12T12:05:53","slug":"nota-di-servizio-per-i-redattori_124","status":"publish","type":"post","link":"https:\/\/www.esteri.it\/it\/sala_stampa\/archivionotizie\/notestampa\/2015\/11\/nota-di-servizio-per-i-redattori_124\/","title":{"rendered":"NOTA DI SERVIZIO PER I REDATTORI CAPO &#8211;  Conferenza sulla disabilit\u00e0: \u201cIncluding Disability in Development Cooperation: Experiences of collaboration between Governments, NGOs and DPOs\u201d (Farnesina, 18 novembre 2015)"},"content":{"rendered":"<p><strong>Mercoled\u00ec 18 novembre 2015, alle ore 09.00,<\/strong> avr\u00e0 luogo alla Farnesina, il Convegno Internazionale <strong>\u201cIncluding Disability in Development Cooperation: Experiences of collaboration between Governments, NGOs and DPOs\u201d<\/strong><\/p>\n<p>L\u2019evento, che sar\u00e0 aperto dal Ministro degli Affari Esteri e della Cooperazione Internazionale, <strong>Paolo Gentiloni<\/strong>, \u00e8 promosso congiuntamente\u00a0 dalla Direzione Generale per la\u00a0 Cooperazione allo Sviluppo della Farnesina e dalla Rete Italiana Disabilit\u00e0 e Sviluppo e si rivolge a tutti i rappresentanti delle istituzioni e della societ\u00e0 civile che lavorano per <strong>includere la dimensione della disabilit\u00e0 nei programmi e nelle politiche di sviluppo<\/strong>.<\/p>\n<p>Lo scopo \u00e8 quello di offrire un\u2019occasione di lavoro congiunto e scambio di pratiche appropriate, sottolineando il valore aggiunto rappresentato dalla sinergia tra Agenzie di cooperazione, istituzioni, Organizzazioni non Governative e Organizzazioni di Persone con Disabilit\u00e0 (OPD).<\/p>\n<p>Alla conferenza parteciperanno, tra le altre, organizzazioni come UNDESA e EUROPEAID, numerose Agenzie di cooperazione europea e le principali OPD e ONG attive in questo campo.<\/p>\n<p>I lavori saranno conclusi dal Direttore Generale per la Cooperazione allo Sviluppo \u2013 MAECI, Gianpaolo Cantini.<\/p>\n<p><strong>I giornalisti e i cine-foto-operatori interessati a seguire l\u2019evento <\/strong>\u00a0sono pregati di accreditarsi online compilando il formulario interattivo al link <a href=\"http:\/\/mae.accreditationsystem.info\/ITA\/Indice.asp\">http:\/\/mae.accreditationsystem.info\/ITA\/Indice.asp<\/a> al quale dovr\u00e0 essere allegata, se non ancora presente, la documentazione digitale richiesta (lettera della testata di appartenenza e per i rappresentanti degli organi di stampa stranieri, Nota Verbale rilasciata dall\u2019Ambasciata a Roma del Paese dell\u2019organo di stampa rappresentato).<\/p>\n<p>Qualora non fosse possibile effettuare l\u2019accreditamento online, le richieste potranno essere inviate via mail al Servizio per la Stampa e la Comunicazione Istituzionale del Ministero degli Affari Esteri e della Cooperazione Internazionale all\u2019indirizzo <a href=\"mailto:accreditamentostampa@esteri.it\">accreditamentostampa@esteri.it<\/a> (tel. 06\/3691.3432-8573-8210).<\/p>\n<p>I rappresentanti degli organi di stampa accreditati potranno accedere al Ministero degli Affari Esteri dall\u2019<strong>ingresso centrale, lato sinistro, a partire dalle ore 08.30.<\/strong><\/p>\n","protected":false},"excerpt":{"rendered":"Mercoled\u00ec 18 novembre 2015, alle ore 09.00, avr\u00e0 luogo alla Farnesina, il Convegno Internazionale \u201cIncluding Disability in Development Cooperation: Experiences of collaboration between Governments, NGOs and DPOs\u201d L\u2019evento, che sar\u00e0 aperto dal Ministro degli Affari Esteri e della Cooperazione Internazionale, Paolo Gentiloni, \u00e8 promosso congiuntamente\u00a0 dalla Direzione Generale per la\u00a0 Cooperazione allo Sviluppo della Farnesina [&hellip;]","protected":false},"author":1,"featured_media":0,"comment_status":"","ping_status":"","sticky":false,"template":"","format":"standard","meta":{"footnotes":""},"categories":[24],"tags":[],"class_list":["post-26123","post","type-post","status-publish","format-standard","hentry","category-notestampa"],"_links":{"self":[{"href":"https:\/\/www.esteri.it\/it\/wp-json\/wp\/v2\/posts\/26123","targetHints":{"allow":["GET"]}}],"collection":[{"href":"https:\/\/www.esteri.it\/it\/wp-json\/wp\/v2\/posts"}],"about":[{"href":"https:\/\/www.esteri.it\/it\/wp-json\/wp\/v2\/types\/post"}],"author":[{"embeddable":true,"href":"https:\/\/www.esteri.it\/it\/wp-json\/wp\/v2\/users\/1"}],"replies":[{"embeddable":true,"href":"https:\/\/www.esteri.it\/it\/wp-json\/wp\/v2\/comments?post=26123"}],"version-history":[{"count":0,"href":"https:\/\/www.esteri.it\/it\/wp-json\/wp\/v2\/posts\/26123\/revisions"}],"wp:attachment":[{"href":"https:\/\/www.esteri.it\/it\/wp-json\/wp\/v2\/media?parent=26123"}],"wp:term":[{"taxonomy":"category","embeddable":true,"href":"https:\/\/www.esteri.it\/it\/wp-json\/wp\/v2\/categories?post=26123"},{"taxonomy":"post_tag","embeddable":true,"href":"https:\/\/www.esteri.it\/it\/wp-json\/wp\/v2\/tags?post=26123"}],"curies":[{"name":"wp","href":"https:\/\/api.w.org\/{rel}","templated":true}]}}