{"id":26130,"date":"2015-10-27T16:45:11","date_gmt":"2015-10-27T15:45:11","guid":{"rendered":"https:\/\/www.esteri.it\/sala_stampa\/archivionotizie\/comunicati\/2015\/10\/nota-di-servizio-per-i-redattori_121\/"},"modified":"2015-10-27T16:45:11","modified_gmt":"2015-10-27T15:45:11","slug":"nota-di-servizio-per-i-redattori_121","status":"publish","type":"post","link":"https:\/\/www.esteri.it\/it\/sala_stampa\/archivionotizie\/notestampa\/2015\/10\/nota-di-servizio-per-i-redattori_121\/","title":{"rendered":"NOTA DI SERVIZIO PER I REDATTORI CAPO &#8211; RECALL: Forum per il dialogo tra l&#8217;Italia e la Svizzera (Milano, 29-30 ottobre 2015)"},"content":{"rendered":"<p><strong>Gioved\u00ec 29 e venerd\u00ec 30 ottobre 2015<\/strong> si svolger\u00e0 a <strong>Milano <\/strong>(Palazzo Clerici) la terza edizione del <strong>Forum per il dialogo tra l\u2019Italia e la Svizzera<\/strong>, alla presenza del <strong>Ministro degli Affari Esteri e della Cooperazione Internazionale, Paolo Gentiloni<\/strong> e del<strong> <\/strong>suo <strong>omologo svizzero, Didier Burkhalter<\/strong>.<\/p>\n<p>L\u2019iniziativa \u00e8 promossa dall\u2019Ambasciata di Svizzera in Italia, dall\u2019Ambasciata d\u2019Italia in Svizzera e dalla Rivista italiana di geopolitica Limes, in collaborazione con l\u2019Istituto per gli studi di politica internazionale (ISPI), con il patrocinio del Dipartimento Federale Affari Esteri svizzero e del Ministero degli Affari Esteri e della Cooperazione Internazionale italiano.<\/p>\n<p>Parteciperanno al Forum autorevoli esponenti del mondo politico, economico, culturale e dei media dei due Paesi per confrontarsi su temi di comune interesse e sugli sviluppi della situazione internazionale e bilaterale.<\/p>\n<p>Il <strong>30 ottobre<\/strong>,<strong> alle ore 16.00<\/strong>, al termine dei lavori, \u00e8 prevista una <strong>conferenza stampa congiunta<\/strong> <strong>del Ministro Paolo Gentiloni e del Consigliere federale Didier Burkhalter<\/strong>.<\/p>\n<p><strong>I momenti del Forum per il dialogo tra l\u2019Italia e la Svizzera aperti alla stampa sono:<\/strong><\/p>\n<p><strong>Gioved\u00ec, 29 ottobre 2015<\/strong><strong><\/strong><\/p>\n<p><strong>ore 14.30-15.00<\/strong>:\u00a0\u00a0 Sessione plenaria di apertura del Forum 2015<\/p>\n<p>\u00a0<i>I media interessati a partecipare all\u2019apertura sono pregati di presentarsi alle ore 14 a Palazzo Clerici, Via Clerici 5.<\/i><\/p>\n<p><strong>Venerd\u00ec, 30 ottobre 2015<\/strong><strong><\/strong><\/p>\n<p><strong>ore 14.45<\/strong>:\u00a0\u00a0\u00a0 Sessione plenaria di chiusura del Forum 2015 e presentazione dei risultati dei quattro gruppi di lavoro alla presenza dei Ministri degli Affari Esteri<\/p>\n<p><strong>ore 16.00<\/strong>:\u00a0\u00a0 Conferenza stampa congiunta del Ministro Paolo Gentiloni e del Consigliere federale Didier Burkhalter<\/p>\n<p><i>I media interessati a partecipare alla chiusura del Forum e alla Conferenza stampa sono pregati di presentarsi alle ore 14.15 a Palazzo Clerici, Via Clerici 5.<\/i><\/p>\n<p>I giornalisti, gli operatori televisivi e i fotografi interessati a partecipare <strong>ai momenti del Forum aperti alla stampa<\/strong> sono pregati di accreditarsi inviando la richiesta via mail al Servizio per la Stampa e la Comunicazione Istituzionale del Ministero degli Affari Esteri e della Cooperazione Internazionale all\u2019indirizzo <a href=\"mailto:accreditamentostampa@esteri.it\">accreditamentostampa@esteri.it<\/a> (tel. 06\/3691.3432-8573-8210).<\/p>\n","protected":false},"excerpt":{"rendered":"Gioved\u00ec 29 e venerd\u00ec 30 ottobre 2015 si svolger\u00e0 a Milano (Palazzo Clerici) la terza edizione del Forum per il dialogo tra l\u2019Italia e la Svizzera, alla presenza del Ministro degli Affari Esteri e della Cooperazione Internazionale, Paolo Gentiloni e del suo omologo svizzero, Didier Burkhalter. L\u2019iniziativa \u00e8 promossa dall\u2019Ambasciata di Svizzera in Italia, dall\u2019Ambasciata [&hellip;]","protected":false},"author":1,"featured_media":0,"comment_status":"","ping_status":"","sticky":false,"template":"","format":"standard","meta":{"footnotes":""},"categories":[24],"tags":[],"class_list":["post-26130","post","type-post","status-publish","format-standard","hentry","category-notestampa"],"_links":{"self":[{"href":"https:\/\/www.esteri.it\/it\/wp-json\/wp\/v2\/posts\/26130","targetHints":{"allow":["GET"]}}],"collection":[{"href":"https:\/\/www.esteri.it\/it\/wp-json\/wp\/v2\/posts"}],"about":[{"href":"https:\/\/www.esteri.it\/it\/wp-json\/wp\/v2\/types\/post"}],"author":[{"embeddable":true,"href":"https:\/\/www.esteri.it\/it\/wp-json\/wp\/v2\/users\/1"}],"replies":[{"embeddable":true,"href":"https:\/\/www.esteri.it\/it\/wp-json\/wp\/v2\/comments?post=26130"}],"version-history":[{"count":0,"href":"https:\/\/www.esteri.it\/it\/wp-json\/wp\/v2\/posts\/26130\/revisions"}],"wp:attachment":[{"href":"https:\/\/www.esteri.it\/it\/wp-json\/wp\/v2\/media?parent=26130"}],"wp:term":[{"taxonomy":"category","embeddable":true,"href":"https:\/\/www.esteri.it\/it\/wp-json\/wp\/v2\/categories?post=26130"},{"taxonomy":"post_tag","embeddable":true,"href":"https:\/\/www.esteri.it\/it\/wp-json\/wp\/v2\/tags?post=26130"}],"curies":[{"name":"wp","href":"https:\/\/api.w.org\/{rel}","templated":true}]}}