{"id":26288,"date":"2015-05-04T19:13:34","date_gmt":"2015-05-04T17:13:34","guid":{"rendered":"https:\/\/www.esteri.it\/sala_stampa\/archivionotizie\/comunicati\/2015\/05\/nota-di-servizio-per-i-redattori_32\/"},"modified":"2015-05-04T19:13:34","modified_gmt":"2015-05-04T17:13:34","slug":"nota-di-servizio-per-i-redattori_32","status":"publish","type":"post","link":"https:\/\/www.esteri.it\/it\/sala_stampa\/archivionotizie\/notestampa\/2015\/05\/nota-di-servizio-per-i-redattori_32\/","title":{"rendered":"NOTA DI SERVIZIO PER I REDATTORI CAPO &#8211; Un mondo (bio)-diverso: l\u2019agrobiodiversit\u00e0 in un mondo che cambia"},"content":{"rendered":"<p>Mercoled\u00ec 6 maggio 2015 si svolger\u00e0 a Milano presso l\u2019Auditorium di Cascina Triulza il primo degli eventi promossi dalla Direzione Generale per la Cooperazione allo Sviluppo del Ministero degli Affari Esteri e della Cooperazione Internazionale nell\u2019ambito di Expo Milano 2015.<\/p>\n<p>L\u2019evento dal titolo \u201cUn mondo (bio)-diverso: l\u2019agrobiodiversit\u00e0 in un mondo che cambia\u201d, organizzato in collaborazione con il CNR, la FAO, Bioversity International e il CIHEAM-IAMB, \u00e8 volto ad approfondire l\u2019interazione dei fattori che influenzano il mutamento dell\u2019agrobiodiversit\u00e0 e comprendere la complessit\u00e0 delle relazioni esistenti tra le varie discipline attinenti al suo studio. Infatti, la selezione delle variet\u00e0 e la trasformazione dei prodotti che mangiamo sono influenzate da numerosi fattori tecnici, economici e sociali, ma non sempre il consumatore ne ha percezione diretta ed \u00e8 in grado di comprendere pienamente anche le implicazioni etiche che le proprie scelte hanno sulla disponibilit\u00e0 delle risorse alimentari globali.<\/p>\n<p>L\u2019evento sar\u00e0 articolato in due sessioni, una dedicata ai fattori che agiscono sull\u2019agrobiodiversit\u00e0 e una dedicata al rapporto tra essere umano e biodiversit\u00e0. Ad esso prenderanno parte rappresentanti del Consiglio Nazionale delle Ricerche, di Organismi internazionali, del mondo accademico e della societ\u00e0 civile.<\/p>\n<p>I rappresentanti della stampa interessati all\u2019evento sono pregati di seguire quanto prima la procedura di accreditamento indicata al link <a href=\"https:\/\/legacy.esteri.it\/owa\/redir.aspx?SURL=NeYBRQdwwInwF5WgTKKJsemex8gsC1o04OAYnR63x8GOUFp6o1TSCGgAdAB0AHAAcwA6AC8ALwBhAGMAYwByAGUAZABpAHQAYQB0AGkAbwBuAC4AZQB4AHAAbwAyADAAMQA1AC4AbwByAGcALwBtAGUAZABpAGEAaABvAG0AZQAuAGEAcwBwAHgAPwBsAGEAbgBnAD0ASQBUAA..&#038;URL=https%3a%2f%2faccreditation.expo2015.org%2fmediahome.aspx%3flang%3dIT\" target=\"_blank\" rel=\"noopener\">https:\/\/accreditation.expo2015.org\/mediahome.aspx?lang=IT<\/a><\/p>\n","protected":false},"excerpt":{"rendered":"Mercoled\u00ec 6 maggio 2015 si svolger\u00e0 a Milano presso l\u2019Auditorium di Cascina Triulza il primo degli eventi promossi dalla Direzione Generale per la Cooperazione allo Sviluppo del Ministero degli Affari Esteri e della Cooperazione Internazionale nell\u2019ambito di Expo Milano 2015. L\u2019evento dal titolo \u201cUn mondo (bio)-diverso: l\u2019agrobiodiversit\u00e0 in un mondo che cambia\u201d, organizzato in collaborazione [&hellip;]","protected":false},"author":1,"featured_media":0,"comment_status":"","ping_status":"","sticky":false,"template":"","format":"standard","meta":{"footnotes":""},"categories":[24],"tags":[29,7],"class_list":["post-26288","post","type-post","status-publish","format-standard","hentry","category-notestampa","tag-cooperazione-sviluppo","tag-italiani-nel-mondo"],"_links":{"self":[{"href":"https:\/\/www.esteri.it\/it\/wp-json\/wp\/v2\/posts\/26288","targetHints":{"allow":["GET"]}}],"collection":[{"href":"https:\/\/www.esteri.it\/it\/wp-json\/wp\/v2\/posts"}],"about":[{"href":"https:\/\/www.esteri.it\/it\/wp-json\/wp\/v2\/types\/post"}],"author":[{"embeddable":true,"href":"https:\/\/www.esteri.it\/it\/wp-json\/wp\/v2\/users\/1"}],"replies":[{"embeddable":true,"href":"https:\/\/www.esteri.it\/it\/wp-json\/wp\/v2\/comments?post=26288"}],"version-history":[{"count":0,"href":"https:\/\/www.esteri.it\/it\/wp-json\/wp\/v2\/posts\/26288\/revisions"}],"wp:attachment":[{"href":"https:\/\/www.esteri.it\/it\/wp-json\/wp\/v2\/media?parent=26288"}],"wp:term":[{"taxonomy":"category","embeddable":true,"href":"https:\/\/www.esteri.it\/it\/wp-json\/wp\/v2\/categories?post=26288"},{"taxonomy":"post_tag","embeddable":true,"href":"https:\/\/www.esteri.it\/it\/wp-json\/wp\/v2\/tags?post=26288"}],"curies":[{"name":"wp","href":"https:\/\/api.w.org\/{rel}","templated":true}]}}