{"id":26750,"date":"2013-09-11T15:30:53","date_gmt":"2013-09-11T13:30:53","guid":{"rendered":"https:\/\/www.esteri.it\/sala_stampa\/archivionotizie\/comunicati\/2013\/09\/20130911_cerimonia_sottoscrizione_contratto_francia_expo_milano_2015\/"},"modified":"2013-09-11T15:30:53","modified_gmt":"2013-09-11T13:30:53","slug":"20130911_cerimonia_sottoscrizione_contratto_francia_expo_milano_2015","status":"publish","type":"post","link":"https:\/\/www.esteri.it\/it\/sala_stampa\/archivionotizie\/notestampa\/2013\/09\/20130911_cerimonia_sottoscrizione_contratto_francia_expo_milano_2015\/","title":{"rendered":"Cerimonia di sottoscrizione del contratto di partecipazione della Francia a Expo Milano 2015 (Palazzo Farnese, 13 settembre 2013)"},"content":{"rendered":"<p><P>Il Ministro degli Affari Esteri Emma Bonino parteciper\u00e0 alla Cerimonia di sottoscrizione del contratto di partecipazione della Francia a Expo Milano 2015, che avr\u00e0 luogo a Roma, Palazzo Farnese, <STRONG>venerd\u00ec 13 settembre 2013, alle ore 12.00.<\/STRONG><\/P><br \/>\n<P><STRONG><\/STRONG><\/P><br \/>\n<P>All\u2019evento interverranno altres\u00ec l\u2019Ambasciatore di Francia in Italia, Alain le Roy, il Commissario Generale della Francia a Expo Milano 2015, Alain Berger, il Commissario unico delegato del Governo per Expo Milano 2015, Giuseppe Sala, il Presidente dell\u2019Assemblea Nazionale Francese, Claude Bartolone e il Presidente della Camera dei Deputati, Laura Boldrini.<\/P><br \/>\n<P>Al termine della cerimonia, interamente aperta alla stampa, \u00e8 prevista una \u201cphoto opportunity\u201d.<\/P><br \/>\n<P>I giornalisti, i fotografi e gli operatori televisivi interessati a seguire l\u2019evento potranno accreditarsi inviando una richiesta su carta intestata al Servizio per la Stampa e la Comunicazione Istituzionale del Ministero degli AffariEsteri via fax o via mail all\u2019indirizzo <A title=mailto:accreditamentostampa@esteri.it%20\/o%20mailto:accreditamentostampa@esteri.it href=\"mailto:accreditamentostampa@esteri.it%20\/o%20mailto:accreditamentostampa@esteri.it\">accreditamentostampa@esteri.it<\/A>\u00a0(fax 06\/3691.7193 &#8211; tel. 06\/3691.3432).<\/P><br \/>\n<P>I rappresentanti degli organi di stampa accreditati potranno presentarsi direttamente a Palazzo Farnese, in Piazza Farnese 67, a partire dalle ore 11.30.<STRONG><\/STRONG><\/P><\/p>\n","protected":false},"excerpt":{"rendered":"Il Ministro degli Affari Esteri Emma Bonino parteciper\u00e0 alla Cerimonia di sottoscrizione del contratto di partecipazione della Francia a Expo Milano 2015, che avr\u00e0 luogo a Roma, Palazzo Farnese, venerd\u00ec 13 settembre 2013, alle ore 12.00. All\u2019evento interverranno altres\u00ec l\u2019Ambasciatore di Francia in Italia, Alain le Roy, il Commissario Generale della Francia a Expo Milano [&hellip;]","protected":false},"author":1,"featured_media":0,"comment_status":"","ping_status":"","sticky":false,"template":"","format":"standard","meta":{"footnotes":""},"categories":[24],"tags":[],"class_list":["post-26750","post","type-post","status-publish","format-standard","hentry","category-notestampa"],"_links":{"self":[{"href":"https:\/\/www.esteri.it\/it\/wp-json\/wp\/v2\/posts\/26750","targetHints":{"allow":["GET"]}}],"collection":[{"href":"https:\/\/www.esteri.it\/it\/wp-json\/wp\/v2\/posts"}],"about":[{"href":"https:\/\/www.esteri.it\/it\/wp-json\/wp\/v2\/types\/post"}],"author":[{"embeddable":true,"href":"https:\/\/www.esteri.it\/it\/wp-json\/wp\/v2\/users\/1"}],"replies":[{"embeddable":true,"href":"https:\/\/www.esteri.it\/it\/wp-json\/wp\/v2\/comments?post=26750"}],"version-history":[{"count":0,"href":"https:\/\/www.esteri.it\/it\/wp-json\/wp\/v2\/posts\/26750\/revisions"}],"wp:attachment":[{"href":"https:\/\/www.esteri.it\/it\/wp-json\/wp\/v2\/media?parent=26750"}],"wp:term":[{"taxonomy":"category","embeddable":true,"href":"https:\/\/www.esteri.it\/it\/wp-json\/wp\/v2\/categories?post=26750"},{"taxonomy":"post_tag","embeddable":true,"href":"https:\/\/www.esteri.it\/it\/wp-json\/wp\/v2\/tags?post=26750"}],"curies":[{"name":"wp","href":"https:\/\/api.w.org\/{rel}","templated":true}]}}