{"id":2679,"date":"2019-09-16T19:35:34","date_gmt":"2019-09-16T17:35:34","guid":{"rendered":"https:\/\/www.esteri.it\/sala_stampa\/archivionotizie\/comunicati\/2019\/09\/migranti-nota-del-ministro-degli-esteri-luigi-di-maio\/"},"modified":"2019-09-16T19:35:34","modified_gmt":"2019-09-16T17:35:34","slug":"migranti-nota-del-ministro-degli-esteri-luigi-di-maio","status":"publish","type":"post","link":"https:\/\/www.esteri.it\/it\/sala_stampa\/archivionotizie\/comunicati\/2019\/09\/migranti-nota-del-ministro-degli-esteri-luigi-di-maio\/","title":{"rendered":"Migranti: nota del Ministro degli Esteri Luigi Di Maio"},"content":{"rendered":"<p>\u201cIl giudizio espresso dal governo ungherese \u00e8 del tutto strumentale. L\u2019Italia da anni vive un\u2019emergenza causata anche e soprattutto dall\u2019indifferenza di alcuni partner europei come l\u2019Ungheria. E\u2019 facile fare i sovranisti con le frontiere degli altri. Chi non accetta le quote deve essere sanzionato duramente. L\u2019Italia non pu\u00f2 e non si far\u00e0 pi\u00f9 carico da sola di un problema che riguarda tutta l\u2019UE. Nei Paesi di transito vanno istituiti degli uffici europei nei quali i migranti possano presentare richiesta di asilo in modo da poter essere poi trasferiti in Europa \u2013 e non solo in Italia \u2013 attraverso un corridoio umanitario. In questo modo si mette fine all\u2019inferno dei trafficanti di uomini e dei barconi e ognuno si assume le sue responsabilit\u00e0\u201d. Lo dice in una nota il Ministro degli Esteri Luigi Di Maio.<\/p>\n","protected":false},"excerpt":{"rendered":"\u201cIl giudizio espresso dal governo ungherese \u00e8 del tutto strumentale. L\u2019Italia da anni vive un\u2019emergenza causata anche e soprattutto dall\u2019indifferenza di alcuni partner europei come l\u2019Ungheria. E\u2019 facile fare i sovranisti con le frontiere degli altri. Chi non accetta le quote deve essere sanzionato duramente. L\u2019Italia non pu\u00f2 e non si far\u00e0 pi\u00f9 carico da [&hellip;]","protected":false},"author":1,"featured_media":0,"comment_status":"","ping_status":"","sticky":false,"template":"","format":"standard","meta":{"footnotes":""},"categories":[1],"tags":[9,76,42],"class_list":["post-2679","post","type-post","status-publish","format-standard","hentry","category-comunicati","tag-europa","tag-ministri-precedenti","tag-unione-europea"],"_links":{"self":[{"href":"https:\/\/www.esteri.it\/it\/wp-json\/wp\/v2\/posts\/2679","targetHints":{"allow":["GET"]}}],"collection":[{"href":"https:\/\/www.esteri.it\/it\/wp-json\/wp\/v2\/posts"}],"about":[{"href":"https:\/\/www.esteri.it\/it\/wp-json\/wp\/v2\/types\/post"}],"author":[{"embeddable":true,"href":"https:\/\/www.esteri.it\/it\/wp-json\/wp\/v2\/users\/1"}],"replies":[{"embeddable":true,"href":"https:\/\/www.esteri.it\/it\/wp-json\/wp\/v2\/comments?post=2679"}],"version-history":[{"count":0,"href":"https:\/\/www.esteri.it\/it\/wp-json\/wp\/v2\/posts\/2679\/revisions"}],"wp:attachment":[{"href":"https:\/\/www.esteri.it\/it\/wp-json\/wp\/v2\/media?parent=2679"}],"wp:term":[{"taxonomy":"category","embeddable":true,"href":"https:\/\/www.esteri.it\/it\/wp-json\/wp\/v2\/categories?post=2679"},{"taxonomy":"post_tag","embeddable":true,"href":"https:\/\/www.esteri.it\/it\/wp-json\/wp\/v2\/tags?post=2679"}],"curies":[{"name":"wp","href":"https:\/\/api.w.org\/{rel}","templated":true}]}}