{"id":2683,"date":"2019-09-11T10:53:21","date_gmt":"2019-09-11T08:53:21","guid":{"rendered":"https:\/\/www.esteri.it\/sala_stampa\/archivionotizie\/comunicati\/2019\/09\/fiera-macfrut-2020\/"},"modified":"2019-09-11T10:53:21","modified_gmt":"2019-09-11T08:53:21","slug":"fiera-macfrut-2020","status":"publish","type":"post","link":"https:\/\/www.esteri.it\/it\/sala_stampa\/archivionotizie\/comunicati\/2019\/09\/fiera-macfrut-2020\/","title":{"rendered":"Fiera MACFRUT 2020"},"content":{"rendered":"<p>Alla Farnesina si \u00e8 tenuto l\u2019evento di presentazione della fiera MACFRUT 2020, aperto al Corpo Diplomatico e ai rappresentanti del mondo delle imprese e della ricerca. L\u2019edizione del prossimo anno, che si terr\u00e0 a Rimini dal 5 al 7 maggio 2020, si caratterizza per una significativa novit\u00e0, poich\u00e9 includer\u00e0 lo SPICES &#038; HERBS GLOBAL EXPO, il primo evento in Europa dedicato al mondo delle spezie, erbe officinali ed aromatiche.<\/p>\n<p>MACFRUT, la principale fiera italiana dedicata alla filiera dell\u2019ortofrutta, ha visto quest\u2019anno la partecipazione di oltre 43.000 visitatori &#8211; di cui un quarto stranieri \u2013 e 1.000 espositori e ha avuto un focus sull\u2019Africa sub-sahariana. L\u2019edizione del prossimo anno sar\u00e0 realizzata in partnership con la Regione Sardegna e avr\u00e0 come focus internazionale \u201cFrutta e Spezie sulla via di Marco Polo\u201d.<strong> <\/strong><\/p>\n<p>La presentazione \u00e8 stata aperta da un saluto di benvenuto di un rappresentante della Farnesina, cui sono seguiti gli interventi del Presidente di Cesena Fiera, Renzo Piraccini e dell\u2019Assessore all\u2019Agricoltura della Regione Sardegna, Gabriella Murgia.<\/p>\n<p>Previsti anche gli interventi del Direttore dell\u2019Ufficio Coordinamento e Promozione del Made in Italy dell\u2019Agenzia ICE, Ines Aronadio, del Vice Presidente della Coldiretti, Nicola Bertinelli e del direttore di ISMEA, Raffaele Borriello. L\u2019evento si \u00e8 concluso con una sessione interattiva tra ospiti e organizzatori.<\/p>\n","protected":false},"excerpt":{"rendered":"Alla Farnesina si \u00e8 tenuto l\u2019evento di presentazione della fiera MACFRUT 2020, aperto al Corpo Diplomatico e ai rappresentanti del mondo delle imprese e della ricerca. L\u2019edizione del prossimo anno, che si terr\u00e0 a Rimini dal 5 al 7 maggio 2020, si caratterizza per una significativa novit\u00e0, poich\u00e9 includer\u00e0 lo SPICES &#038; HERBS GLOBAL EXPO, [&hellip;]","protected":false},"author":1,"featured_media":0,"comment_status":"","ping_status":"","sticky":false,"template":"","format":"standard","meta":{"footnotes":""},"categories":[1],"tags":[3],"class_list":["post-2683","post","type-post","status-publish","format-standard","hentry","category-comunicati","tag-diplomazia-economica"],"_links":{"self":[{"href":"https:\/\/www.esteri.it\/it\/wp-json\/wp\/v2\/posts\/2683","targetHints":{"allow":["GET"]}}],"collection":[{"href":"https:\/\/www.esteri.it\/it\/wp-json\/wp\/v2\/posts"}],"about":[{"href":"https:\/\/www.esteri.it\/it\/wp-json\/wp\/v2\/types\/post"}],"author":[{"embeddable":true,"href":"https:\/\/www.esteri.it\/it\/wp-json\/wp\/v2\/users\/1"}],"replies":[{"embeddable":true,"href":"https:\/\/www.esteri.it\/it\/wp-json\/wp\/v2\/comments?post=2683"}],"version-history":[{"count":0,"href":"https:\/\/www.esteri.it\/it\/wp-json\/wp\/v2\/posts\/2683\/revisions"}],"wp:attachment":[{"href":"https:\/\/www.esteri.it\/it\/wp-json\/wp\/v2\/media?parent=2683"}],"wp:term":[{"taxonomy":"category","embeddable":true,"href":"https:\/\/www.esteri.it\/it\/wp-json\/wp\/v2\/categories?post=2683"},{"taxonomy":"post_tag","embeddable":true,"href":"https:\/\/www.esteri.it\/it\/wp-json\/wp\/v2\/tags?post=2683"}],"curies":[{"name":"wp","href":"https:\/\/api.w.org\/{rel}","templated":true}]}}