{"id":2718,"date":"2019-07-22T18:51:25","date_gmt":"2019-07-22T16:51:25","guid":{"rendered":"https:\/\/www.esteri.it\/sala_stampa\/archivionotizie\/comunicati\/2019\/07\/la-collezione-farnesina-compie-venti-anni\/"},"modified":"2019-07-22T18:51:25","modified_gmt":"2019-07-22T16:51:25","slug":"la-collezione-farnesina-compie-venti-anni","status":"publish","type":"post","link":"https:\/\/www.esteri.it\/it\/sala_stampa\/archivionotizie\/comunicati\/2019\/07\/la-collezione-farnesina-compie-venti-anni\/","title":{"rendered":"La Collezione Farnesina compie venti anni"},"content":{"rendered":"<p>La Collezione d\u2019arte italiana contemporanea della Farnesina compie vent\u2019anni e per festeggiare questo importante anniversario, in occasione della Conferenza degli Ambasciatori e delle Ambasciatrici, verranno esposte ventuno nuove opere di \u201cclassici\u201d del Novecento e di giovani artisti. Tra questi, insieme a Campigli, Burri, Greco, Marini, Paladino, Pomodoro e Capogrossi, le installazioni di \u201csculture di dati\u201d provenienti dal web di Oriana Persico e Salvatore Iaconesi, le sperimentazioni tra arte e scienza di Luca Pozzi e la video esperienza immersiva di Carola Bonfili. <br \/>Le opere sono illustrate nel volume \u201cOltre i confini \u2013 I vent\u2019anni della Collezione Farnesina 1999-2019: Le nuove acquisizioni\u201d. Il catalogo d\u2019arte \u00e8 introdotto dagli scritti dell\u2019Ambasciatore Umberto Vattani, che ide\u00f2 la Collezione, Greta Alberta Tirloni, Paolo Serafini e da Cesare Biasini Selvaggi. <br \/>\u201cA vent\u2019anni dalla sua istituzione, la Collezione concorre in modo determinante all\u2019idea di un Paese che si fa \u2018sistema\u2019 intorno alle proprie eccellenze creative ed \u00e8 divenuta un elemento di forza e di identit\u00e0 nelle attivit\u00e0 quotidiane di diplomazia culturale svolte da questa Amministrazione\u201d ha commentato il Segretario Generale della Farnesina, Ambasciatrice Elisabetta Belloni. \u201cLa Collezione continuer\u00e0 a essere al centro di attivit\u00e0 (conferenze ed eventi internazionali, mostre, aperture al pubblico, partecipazione a giornate celebrative, servizi online per rendere pi\u00f9 fruibile il patrimonio esposto) che sempre pi\u00f9 caratterizzano il Ministero degli Esteri come \u2018struttura di servizio\u2019 a disposizione del Sistema Paese\u201d, ha concluso l\u2019Ambasciatrice Belloni.<br \/>La Collezione si compone di oltre 470 opere, alcune di propriet\u00e0 e altre concesse in comodato d\u2019uso gratuito, di pi\u00f9 di 250 artisti e copre l\u2019intero arco di storia dell\u2019arte italiana dagli anni \u201950 del secolo scorso ai giorni nostri. Nel 2017 \u00e8 stata insignita del premio \u201cMecenati del XXI secolo \u2013 Institutional Art Awards\u201d come migliore collezione d\u2019arte nelle Istituzioni pubbliche.<\/p>\n<p><a href=\"https:\/\/collezionefarnesina.esteri.it\/collezionefarnesina\/it\/\">https:\/\/collezionefarnesina.esteri.it\/collezionefarnesina\/it\/<\/a><\/p>\n","protected":false},"excerpt":{"rendered":"La Collezione d\u2019arte italiana contemporanea della Farnesina compie vent\u2019anni e per festeggiare questo importante anniversario, in occasione della Conferenza degli Ambasciatori e delle Ambasciatrici, verranno esposte ventuno nuove opere di \u201cclassici\u201d del Novecento e di giovani artisti. Tra questi, insieme a Campigli, Burri, Greco, Marini, Paladino, Pomodoro e Capogrossi, le installazioni di \u201csculture di dati\u201d [&hellip;]","protected":false},"author":1,"featured_media":0,"comment_status":"","ping_status":"","sticky":false,"template":"","format":"standard","meta":{"footnotes":""},"categories":[1],"tags":[345,32],"class_list":["post-2718","post","type-post","status-publish","format-standard","hentry","category-comunicati","tag-conferenza-ambasciatori","tag-diplomazia-culturale"],"_links":{"self":[{"href":"https:\/\/www.esteri.it\/it\/wp-json\/wp\/v2\/posts\/2718","targetHints":{"allow":["GET"]}}],"collection":[{"href":"https:\/\/www.esteri.it\/it\/wp-json\/wp\/v2\/posts"}],"about":[{"href":"https:\/\/www.esteri.it\/it\/wp-json\/wp\/v2\/types\/post"}],"author":[{"embeddable":true,"href":"https:\/\/www.esteri.it\/it\/wp-json\/wp\/v2\/users\/1"}],"replies":[{"embeddable":true,"href":"https:\/\/www.esteri.it\/it\/wp-json\/wp\/v2\/comments?post=2718"}],"version-history":[{"count":0,"href":"https:\/\/www.esteri.it\/it\/wp-json\/wp\/v2\/posts\/2718\/revisions"}],"wp:attachment":[{"href":"https:\/\/www.esteri.it\/it\/wp-json\/wp\/v2\/media?parent=2718"}],"wp:term":[{"taxonomy":"category","embeddable":true,"href":"https:\/\/www.esteri.it\/it\/wp-json\/wp\/v2\/categories?post=2718"},{"taxonomy":"post_tag","embeddable":true,"href":"https:\/\/www.esteri.it\/it\/wp-json\/wp\/v2\/tags?post=2718"}],"curies":[{"name":"wp","href":"https:\/\/api.w.org\/{rel}","templated":true}]}}