{"id":2744,"date":"2019-07-08T08:24:24","date_gmt":"2019-07-08T06:24:24","guid":{"rendered":"https:\/\/www.esteri.it\/sala_stampa\/archivionotizie\/comunicati\/2019\/07\/comunicato-congiunto-dei-ministri-degli-esteri-di-italia-e-malta\/"},"modified":"2019-07-08T08:24:24","modified_gmt":"2019-07-08T06:24:24","slug":"comunicato-congiunto-dei-ministri-degli-esteri-di-italia-e-malta","status":"publish","type":"post","link":"https:\/\/www.esteri.it\/it\/sala_stampa\/archivionotizie\/comunicati\/2019\/07\/comunicato-congiunto-dei-ministri-degli-esteri-di-italia-e-malta\/","title":{"rendered":"Comunicato congiunto dei Ministri degli Esteri di Italia e Malta"},"content":{"rendered":"<p>I Ministri degli Esteri di Italia e Malta, Enzo Moavero e Carmelo Abela, in riferimento alle ulteriori complesse situazioni che riguardano navi con a bordo migranti, il loro ingresso nelle acque territoriali dei due Paesi, l\u2019attracco e lo sbarco in porti italiani e maltesi, confermano la ferma volont\u00e0 di cooperare fra loro.<\/p>\n<p>Ribadiscono, tuttavia, che \u00e8 indispensabile assicurare un effettivo governo dei flussi migratori verso l\u2019Europa, perch\u00e9 non \u00e8 pi\u00f9 ammissibile continuare a procedere, caso per caso, ricercando soluzioni in emergenza, con crescenti difficolt\u00e0 politiche e gravissimi disagi. A tal fine, occorre uno strutturato meccanismo permanente a livello di Unione Europea, che affronti l\u2019insieme delle sensibili questioni che riguardano migrazioni e non si limiti unicamente alle sole procedure per il diritto di asilo. Riformare il regolamento di Dublino non basta, bisogna andare oltre e occuparsi di tutte le persone migranti.<\/p>\n<p>Affinch\u00e9 possa essere avviata una discussione organica, in grado di condurre i governi degli Stati UE a convergere verso una politica comune per le migrazioni, i due Ministri chiedono che sia iscritto nell\u2019ordine del giorno del prossimo Consiglio Affari Esteri UE di luglio uno specifico ed esplicito punto.<\/p>\n","protected":false},"excerpt":{"rendered":"I Ministri degli Esteri di Italia e Malta, Enzo Moavero e Carmelo Abela, in riferimento alle ulteriori complesse situazioni che riguardano navi con a bordo migranti, il loro ingresso nelle acque territoriali dei due Paesi, l\u2019attracco e lo sbarco in porti italiani e maltesi, confermano la ferma volont\u00e0 di cooperare fra loro. Ribadiscono, tuttavia, che [&hellip;]","protected":false},"author":1,"featured_media":0,"comment_status":"","ping_status":"","sticky":false,"template":"","format":"standard","meta":{"footnotes":""},"categories":[1],"tags":[6,76,42],"class_list":["post-2744","post","type-post","status-publish","format-standard","hentry","category-comunicati","tag-mediterraneo-e-medio-oriente","tag-ministri-precedenti","tag-unione-europea"],"_links":{"self":[{"href":"https:\/\/www.esteri.it\/it\/wp-json\/wp\/v2\/posts\/2744","targetHints":{"allow":["GET"]}}],"collection":[{"href":"https:\/\/www.esteri.it\/it\/wp-json\/wp\/v2\/posts"}],"about":[{"href":"https:\/\/www.esteri.it\/it\/wp-json\/wp\/v2\/types\/post"}],"author":[{"embeddable":true,"href":"https:\/\/www.esteri.it\/it\/wp-json\/wp\/v2\/users\/1"}],"replies":[{"embeddable":true,"href":"https:\/\/www.esteri.it\/it\/wp-json\/wp\/v2\/comments?post=2744"}],"version-history":[{"count":0,"href":"https:\/\/www.esteri.it\/it\/wp-json\/wp\/v2\/posts\/2744\/revisions"}],"wp:attachment":[{"href":"https:\/\/www.esteri.it\/it\/wp-json\/wp\/v2\/media?parent=2744"}],"wp:term":[{"taxonomy":"category","embeddable":true,"href":"https:\/\/www.esteri.it\/it\/wp-json\/wp\/v2\/categories?post=2744"},{"taxonomy":"post_tag","embeddable":true,"href":"https:\/\/www.esteri.it\/it\/wp-json\/wp\/v2\/tags?post=2744"}],"curies":[{"name":"wp","href":"https:\/\/api.w.org\/{rel}","templated":true}]}}