{"id":2773,"date":"2019-06-26T15:48:28","date_gmt":"2019-06-26T13:48:28","guid":{"rendered":"https:\/\/www.esteri.it\/sala_stampa\/archivionotizie\/comunicati\/2019\/06\/l-italia-per-la-prevenzione-del-rischio-di-ordigni-in-ucraina\/"},"modified":"2019-06-26T15:48:28","modified_gmt":"2019-06-26T13:48:28","slug":"l-italia-per-la-prevenzione-del-rischio-di-ordigni-in-ucraina","status":"publish","type":"post","link":"https:\/\/www.esteri.it\/it\/sala_stampa\/archivionotizie\/comunicati\/2019\/06\/l-italia-per-la-prevenzione-del-rischio-di-ordigni-in-ucraina\/","title":{"rendered":"L&#8217;Italia per la prevenzione del rischio di ordigni in Ucraina"},"content":{"rendered":"<p>La Vice Ministra agli Affari Esteri e alla Cooperazione Internazionale, Emanuela Del Re, ha disposto un contributo di 0,5 milioni di euro a UNICEF per il \u201cMine Risk Education\u201d in Ucraina. Si tratta della terza tranche di finanziamento del programma che l\u2019Ambasciatore d\u2019Italia nel Paese, Davide La Cecilia, sta visitando oggi a Mariupol, principale porto ucraino sul Mare d\u2019Azov, collocato a ridosso della linea di contatto del conflitto in corso nel Donbass. Con il contributo italiano, UNICEF sta insegnando ai ragazzi dell\u2019area cosa fare in presenza di mine e ordigni non esplosi che possono essere rinvenuti attorno alla zona dei combattimenti.<\/p>\n<p>Come conseguenza del conflitto, l\u2019Ucraina vanta il triste primato di essere uno dei Paesi pi\u00f9 minati del pianeta. Gli ordigni causano pi\u00f9 della met\u00e0 delle vittime civili del conflitto. Con questo contributo, gli aiuti umanitari italiani a beneficio dell\u2019Ucraina, realizzati attraverso la Croce Rossa Internazionale e le principali Agenzie delle Nazioni Unite, sono arrivati a toccare i 5 milioni di euro negli ultimi tre anni.<\/p>\n","protected":false},"excerpt":{"rendered":"La Vice Ministra agli Affari Esteri e alla Cooperazione Internazionale, Emanuela Del Re, ha disposto un contributo di 0,5 milioni di euro a UNICEF per il \u201cMine Risk Education\u201d in Ucraina. Si tratta della terza tranche di finanziamento del programma che l\u2019Ambasciatore d\u2019Italia nel Paese, Davide La Cecilia, sta visitando oggi a Mariupol, principale porto [&hellip;]","protected":false},"author":1,"featured_media":0,"comment_status":"","ping_status":"","sticky":false,"template":"","format":"standard","meta":{"footnotes":""},"categories":[1],"tags":[9,399],"class_list":["post-2773","post","type-post","status-publish","format-standard","hentry","category-comunicati","tag-europa","tag-vice-ministri-e-sottosegretari-precedenti"],"_links":{"self":[{"href":"https:\/\/www.esteri.it\/it\/wp-json\/wp\/v2\/posts\/2773","targetHints":{"allow":["GET"]}}],"collection":[{"href":"https:\/\/www.esteri.it\/it\/wp-json\/wp\/v2\/posts"}],"about":[{"href":"https:\/\/www.esteri.it\/it\/wp-json\/wp\/v2\/types\/post"}],"author":[{"embeddable":true,"href":"https:\/\/www.esteri.it\/it\/wp-json\/wp\/v2\/users\/1"}],"replies":[{"embeddable":true,"href":"https:\/\/www.esteri.it\/it\/wp-json\/wp\/v2\/comments?post=2773"}],"version-history":[{"count":0,"href":"https:\/\/www.esteri.it\/it\/wp-json\/wp\/v2\/posts\/2773\/revisions"}],"wp:attachment":[{"href":"https:\/\/www.esteri.it\/it\/wp-json\/wp\/v2\/media?parent=2773"}],"wp:term":[{"taxonomy":"category","embeddable":true,"href":"https:\/\/www.esteri.it\/it\/wp-json\/wp\/v2\/categories?post=2773"},{"taxonomy":"post_tag","embeddable":true,"href":"https:\/\/www.esteri.it\/it\/wp-json\/wp\/v2\/tags?post=2773"}],"curies":[{"name":"wp","href":"https:\/\/api.w.org\/{rel}","templated":true}]}}