{"id":28074,"date":"2019-09-24T18:03:58","date_gmt":"2019-09-24T16:03:58","guid":{"rendered":"https:\/\/www.esteri.it\/sala_stampa\/archivionotizie\/comunicati\/2019\/09\/il-ministro-di-maio-incontra-il-ministro-degli-esteri-libanese\/"},"modified":"2019-09-24T18:03:58","modified_gmt":"2019-09-24T16:03:58","slug":"il-ministro-di-maio-incontra-il-ministro-degli-esteri-libanese","status":"publish","type":"post","link":"https:\/\/www.esteri.it\/it\/sala_stampa\/archivionotizie\/comunicati\/2019\/09\/il-ministro-di-maio-incontra-il-ministro-degli-esteri-libanese\/","title":{"rendered":"Il Ministro Di Maio incontra il Ministro degli Esteri Libanese Gebran Bassil"},"content":{"rendered":"<p><img loading=\"lazy\" decoding=\"async\" src=\"https:\/\/www.esteri.it\/mae\/resource\/img\/2019\/09\/2d6faa16-d51d-462c-b310-464b1e896ce6.jpg\" alt=\"2d6faa16-d51d-462c-b310-464b1e896ce6\" width=\"600\" height=\"400\" style=\"display: block; margin-left: auto; margin-right: auto;\" \/><\/p>\n<p>Il Ministro degli Affari Esteri e della Cooperazione Internazionale, Luigi Di Maio, ha avuto oggi a New York una cordiale riunione con il suo omologo del Libano, Gebran Bassil, a margine dei lavori della 74ma Assemblea Generale delle Nazioni Unite.<\/p>\n<p>Le intense relazioni bilaterali sono state al centro del colloquio. Il Ministro Di Maio ha valorizzato il perdurante impegno del nostro Paese per il rafforzamento dell\u2019economia e delle istituzioni libanesi. \u201cIl mantenimento dell\u2019unit\u00e0, della sovranit\u00e0 e della prosperit\u00e0 del Libano \u00e8 essenziale per garantire la stabilit\u00e0 del Medio Oriente: l\u2019Italia sostiene la sicurezza del Libano fondata su basi sostenibili e realistiche e sul consolidamento delle istituzioni dello Stato. Abbiamo rafforzato MIBIL, la nostra missione di addestramento militare, e supportiamo attivamente la Polizia e la Marina libanesi. UNIFIL continua a fornire un apporto cruciale nel mantenere la calma lungo al confine meridionale\u201d, ha detto Di Maio.<\/p>\n<p>\u201cSiamo ben consci delle difficolt\u00e0 che Beirut si trova ad affrontare a causa della presenza di grandi comunit\u00e0 di rifugiati siriani in territorio libanese\u201d, ha sottolineato il Capo della Farnesina. \u201cPer questa ragione siamo coinvolti in diverse iniziative umanitarie per migliorare le condizioni di vita dei rifugiati e delle comunit\u00e0 che li ospitano, nonch\u00e9 per trasferire migranti siriani particolarmente vulnerabili in Italia attraverso il meccanismo dei corridoi umanitari\u201d.<\/p>\n","protected":false},"excerpt":{"rendered":"Il Ministro degli Affari Esteri e della Cooperazione Internazionale, Luigi Di Maio, ha avuto oggi a New York una cordiale riunione con il suo omologo del Libano, Gebran Bassil, a margine dei lavori della 74ma Assemblea Generale delle Nazioni Unite. Le intense relazioni bilaterali sono state al centro del colloquio. Il Ministro Di Maio ha [&hellip;]","protected":false},"author":1,"featured_media":0,"comment_status":"","ping_status":"","sticky":false,"template":"","format":"standard","meta":{"footnotes":""},"categories":[1],"tags":[6,76,26],"class_list":["post-28074","post","type-post","status-publish","format-standard","hentry","category-comunicati","tag-mediterraneo-e-medio-oriente","tag-ministri-precedenti","tag-onu"],"_links":{"self":[{"href":"https:\/\/www.esteri.it\/it\/wp-json\/wp\/v2\/posts\/28074","targetHints":{"allow":["GET"]}}],"collection":[{"href":"https:\/\/www.esteri.it\/it\/wp-json\/wp\/v2\/posts"}],"about":[{"href":"https:\/\/www.esteri.it\/it\/wp-json\/wp\/v2\/types\/post"}],"author":[{"embeddable":true,"href":"https:\/\/www.esteri.it\/it\/wp-json\/wp\/v2\/users\/1"}],"replies":[{"embeddable":true,"href":"https:\/\/www.esteri.it\/it\/wp-json\/wp\/v2\/comments?post=28074"}],"version-history":[{"count":0,"href":"https:\/\/www.esteri.it\/it\/wp-json\/wp\/v2\/posts\/28074\/revisions"}],"wp:attachment":[{"href":"https:\/\/www.esteri.it\/it\/wp-json\/wp\/v2\/media?parent=28074"}],"wp:term":[{"taxonomy":"category","embeddable":true,"href":"https:\/\/www.esteri.it\/it\/wp-json\/wp\/v2\/categories?post=28074"},{"taxonomy":"post_tag","embeddable":true,"href":"https:\/\/www.esteri.it\/it\/wp-json\/wp\/v2\/tags?post=28074"}],"curies":[{"name":"wp","href":"https:\/\/api.w.org\/{rel}","templated":true}]}}