{"id":28095,"date":"2019-07-08T16:53:37","date_gmt":"2019-07-08T14:53:37","guid":{"rendered":"https:\/\/www.esteri.it\/sala_stampa\/archivionotizie\/comunicati\/2019\/07\/riunione-della-vice-ministra-del-re-con-il-vice-ministro-per-l-europa-e-gli-affari-esteri-dell-albania-etjen-xhafaj\/"},"modified":"2019-07-08T16:53:37","modified_gmt":"2019-07-08T14:53:37","slug":"riunione-della-vice-ministra-del-re-con-il-vice-ministro-per-l-europa-e-gli-affari-esteri-dell-albania-etjen-xhafaj","status":"publish","type":"post","link":"https:\/\/www.esteri.it\/it\/sala_stampa\/archivionotizie\/comunicati\/2019\/07\/riunione-della-vice-ministra-del-re-con-il-vice-ministro-per-l-europa-e-gli-affari-esteri-dell-albania-etjen-xhafaj\/","title":{"rendered":"Riunione della Vice Ministra Del Re con il Vice Ministro per l\u2019Europa e gli Affari Esteri dell\u2019Albania, Etjen Xhafaj"},"content":{"rendered":"<p>La Vice Ministra agli Affari Esteri e alla Cooperazione Internazionale, Emanuela Del Re, ha ricevuto alla Farnesina il Vice Ministro per l\u2019Europa e gli Affari Esteri dell\u2019Albania, Etjen Xhafaj. L\u2019incontro ha consentito di fare il punto sul processo di integrazione europea dell\u2019Albania, in merito al quale la Vice Ministra ha confermato il convinto appoggio dell\u2019Italia, a partire dall\u2019auspicio di una prossima apertura dei negoziati di adesione.<\/p>\n<p>Rispetto all\u2019attuale, delicata fase di politica interna albanese, la Vice Ministra ha rivolto \u2013 per il tramite del proprio interlocutore \u2013 un forte invito al dialogo tra le parti politiche, nell\u2019interesse generale del Paese e in vista dell\u2019adozione ed implementazione delle riforme necessarie affinch\u00e9 l\u2019Albania possa procedere sul cammino di integrazione europea. Ha quindi insistito sull\u2019importanza che \u201csia data ai giovani albanesi una prospettiva per il futuro\u201d, ricordando come il Paese abbia una delle popolazioni pi\u00f9 giovani del continente.<\/p>\n<p>Il Vice Ministro Xhafaj ha quindi evocato la necessit\u00e0 di approfondire ulteriormente le relazioni economiche bilaterali, creando meccanismi che favoriscano l\u2019attrazione d\u2019investimenti italiani nel Paese. Attenzione \u00e8 stata quindi rivolta alla diaspora albanese in Italia, della quale la Vice Ministra Del Re ha riconosciuto il positivo contributo dal punto di vista economico e sociale. In tale ambito \u00e8 stata altres\u00ec discussa la prospettiva dell\u2019insegnamento dell\u2019albanese in Italia come seconda lingua nelle scuole delle zone ove \u00e8 pi\u00f9 numerosa la presenza della comunit\u00e0 albanese.<\/p>\n","protected":false},"excerpt":{"rendered":"La Vice Ministra agli Affari Esteri e alla Cooperazione Internazionale, Emanuela Del Re, ha ricevuto alla Farnesina il Vice Ministro per l\u2019Europa e gli Affari Esteri dell\u2019Albania, Etjen Xhafaj. L\u2019incontro ha consentito di fare il punto sul processo di integrazione europea dell\u2019Albania, in merito al quale la Vice Ministra ha confermato il convinto appoggio dell\u2019Italia, [&hellip;]","protected":false},"author":1,"featured_media":0,"comment_status":"","ping_status":"","sticky":false,"template":"","format":"standard","meta":{"footnotes":""},"categories":[1],"tags":[9,399],"class_list":["post-28095","post","type-post","status-publish","format-standard","hentry","category-comunicati","tag-europa","tag-vice-ministri-e-sottosegretari-precedenti"],"_links":{"self":[{"href":"https:\/\/www.esteri.it\/it\/wp-json\/wp\/v2\/posts\/28095","targetHints":{"allow":["GET"]}}],"collection":[{"href":"https:\/\/www.esteri.it\/it\/wp-json\/wp\/v2\/posts"}],"about":[{"href":"https:\/\/www.esteri.it\/it\/wp-json\/wp\/v2\/types\/post"}],"author":[{"embeddable":true,"href":"https:\/\/www.esteri.it\/it\/wp-json\/wp\/v2\/users\/1"}],"replies":[{"embeddable":true,"href":"https:\/\/www.esteri.it\/it\/wp-json\/wp\/v2\/comments?post=28095"}],"version-history":[{"count":0,"href":"https:\/\/www.esteri.it\/it\/wp-json\/wp\/v2\/posts\/28095\/revisions"}],"wp:attachment":[{"href":"https:\/\/www.esteri.it\/it\/wp-json\/wp\/v2\/media?parent=28095"}],"wp:term":[{"taxonomy":"category","embeddable":true,"href":"https:\/\/www.esteri.it\/it\/wp-json\/wp\/v2\/categories?post=28095"},{"taxonomy":"post_tag","embeddable":true,"href":"https:\/\/www.esteri.it\/it\/wp-json\/wp\/v2\/tags?post=28095"}],"curies":[{"name":"wp","href":"https:\/\/api.w.org\/{rel}","templated":true}]}}