{"id":28097,"date":"2019-07-08T12:29:47","date_gmt":"2019-07-08T10:29:47","guid":{"rendered":"https:\/\/www.esteri.it\/sala_stampa\/archivionotizie\/comunicati\/2019\/07\/partecipazione-della-vice-ministra-del-re-alla-riunione-dei-ministri-dello-sviluppo-del-g7\/"},"modified":"2019-07-08T12:29:47","modified_gmt":"2019-07-08T10:29:47","slug":"partecipazione-della-vice-ministra-del-re-alla-riunione-dei-ministri-dello-sviluppo-del-g7","status":"publish","type":"post","link":"https:\/\/www.esteri.it\/it\/sala_stampa\/archivionotizie\/comunicati\/2019\/07\/partecipazione-della-vice-ministra-del-re-alla-riunione-dei-ministri-dello-sviluppo-del-g7\/","title":{"rendered":"Partecipazione della Vice Ministra Del Re alla riunione dei Ministri dello Sviluppo del G7"},"content":{"rendered":"<p>La Vice Ministra agli Affari Esteri e alla Cooperazione Internazionale, Emanuela Del Re, ha partecipato a Parigi il 4 luglio alla riunione dei Ministri dello Sviluppo del G7. Tra i temi discussi, il rifinanziamento dei fondi per lo sviluppo, le sfide nella regione del Sahel e l&#8217;adozione di una dichiarazione congiunta G7+G5 Sahel sulle azioni da intraprendere per affrontare le emergenze della regione. Il testo adottato riconosce, su iniziativa dall&#8217;Italia, il ruolo svolto dalle diaspore e dalla societ\u00e0 civile impegnata nello sviluppo delle comunit\u00e0 di origine dei migranti: un documento che, secondo la Vice Ministra, &#8220;rappresenta un importante segnale politico in quanto presenta un&#8217;analisi condivisa delle cause della fragilit\u00e0 nel Sahel e dei possibili rimedi per farvi fronte&#8221;. Nel suo intervento, Del Re ha proposto di tenere, il prossimo anno, &#8220;un seminario del G7 incentrato sulle strategie per rafforzare il ruolo della diaspora come attore di sviluppo nei paesi di origine&#8221;.<\/p>\n<p>Il 5 luglio, la Vice Ministra ha quindi partecipato alla riunione ministeriale congiunta Sviluppo\/Istruzione, insieme al Sottosegretario all\u2019Istruzione, Universit\u00e0 e Ricerca, Lorenzo Fioramonti. In quest\u2019ambito, Del Re ha preso la parola nella conferenza \u201cInnovare per l&#8217;emancipazione delle ragazze e delle donne attraverso l&#8217;istruzione\u201d. \u201cL&#8217;istruzione di qualit\u00e0 \u00e8 la priorit\u00e0 massima per la nostra strategia di cooperazione allo sviluppo. Noi, come Italia, promuoviamo l&#8217;uguaglianza di genere e l&#8217;emancipazione delle donne come tematiche trasversali ai nostri progetti nei paesi partner. Sosteniamo le iniziative nel campo dell&#8217;istruzione per garantire una crescita economica sostenibile ed eliminare le discriminazioni di genere e le disuguaglianze sociali\u201d, ha affermato la Vice Ministra.<\/p>\n<p>&#8220;La Francia &#8211; ha spiegato in una pausa delle riunioni la Vice Ministra Del Re &#8211; ha fatto un ottimo lavoro con questo G7 riunendo attorno a un tavolo anche i paesi del G5 Sahel che hanno potuto portare in un vero spirito di partnership la loro testimonianza diretta. Credo questa sia la vera formula del futuro, parlare insieme attorno a un tavolo dei problemi concreti, trovare strategie veramente efficaci, capire quali sono i problemi veri alla radice della questione fondamentale dell&#8217;educazione, che tocca molti ambiti: non solo scuole, infrastrutture, uguaglianza, parit\u00e0 di genere, insegnamenti tecnici oltre a quelli universitari&#8221;.<\/p>\n","protected":false},"excerpt":{"rendered":"La Vice Ministra agli Affari Esteri e alla Cooperazione Internazionale, Emanuela Del Re, ha partecipato a Parigi il 4 luglio alla riunione dei Ministri dello Sviluppo del G7. Tra i temi discussi, il rifinanziamento dei fondi per lo sviluppo, le sfide nella regione del Sahel e l&#8217;adozione di una dichiarazione congiunta G7+G5 Sahel sulle azioni [&hellip;]","protected":false},"author":1,"featured_media":0,"comment_status":"","ping_status":"","sticky":false,"template":"","format":"standard","meta":{"footnotes":""},"categories":[1],"tags":[31,399],"class_list":["post-28097","post","type-post","status-publish","format-standard","hentry","category-comunicati","tag-africa","tag-vice-ministri-e-sottosegretari-precedenti"],"_links":{"self":[{"href":"https:\/\/www.esteri.it\/it\/wp-json\/wp\/v2\/posts\/28097","targetHints":{"allow":["GET"]}}],"collection":[{"href":"https:\/\/www.esteri.it\/it\/wp-json\/wp\/v2\/posts"}],"about":[{"href":"https:\/\/www.esteri.it\/it\/wp-json\/wp\/v2\/types\/post"}],"author":[{"embeddable":true,"href":"https:\/\/www.esteri.it\/it\/wp-json\/wp\/v2\/users\/1"}],"replies":[{"embeddable":true,"href":"https:\/\/www.esteri.it\/it\/wp-json\/wp\/v2\/comments?post=28097"}],"version-history":[{"count":0,"href":"https:\/\/www.esteri.it\/it\/wp-json\/wp\/v2\/posts\/28097\/revisions"}],"wp:attachment":[{"href":"https:\/\/www.esteri.it\/it\/wp-json\/wp\/v2\/media?parent=28097"}],"wp:term":[{"taxonomy":"category","embeddable":true,"href":"https:\/\/www.esteri.it\/it\/wp-json\/wp\/v2\/categories?post=28097"},{"taxonomy":"post_tag","embeddable":true,"href":"https:\/\/www.esteri.it\/it\/wp-json\/wp\/v2\/tags?post=28097"}],"curies":[{"name":"wp","href":"https:\/\/api.w.org\/{rel}","templated":true}]}}