{"id":28107,"date":"2019-06-24T12:58:28","date_gmt":"2019-06-24T10:58:28","guid":{"rendered":"https:\/\/www.esteri.it\/sala_stampa\/archivionotizie\/comunicati\/2019\/06\/la-vice-ministra-del-re-ha-guidato-una-missione-imprenditoriale-in-etiopia\/"},"modified":"2019-06-24T12:58:28","modified_gmt":"2019-06-24T10:58:28","slug":"la-vice-ministra-del-re-ha-guidato-una-missione-imprenditoriale-in-etiopia","status":"publish","type":"post","link":"https:\/\/www.esteri.it\/it\/sala_stampa\/archivionotizie\/comunicati\/2019\/06\/la-vice-ministra-del-re-ha-guidato-una-missione-imprenditoriale-in-etiopia\/","title":{"rendered":"La Vice Ministra Del Re ha guidato una missione imprenditoriale in Etiopia"},"content":{"rendered":"<p>La Vice Ministra agli Affari Esteri e alla Cooperazione Internazionale, Emanuela Del Re, ha guidato una missione imprenditoriale in Etiopia dal 19 al 20 giugno, organizzata in collaborazione con Confindustria, ICE (Istituto per il Commercio Estero), Abi (Associazione Bancaria Italiana) e il Ministero dello Sviluppo Economico. L&#8217;iniziativa ha avuto carattere plurisettoriale con un focus sui comparti: agricoltura, meccanica agricola e tecnologie per la trasformazione alimentare; Infrastrutture e trasporti; Industria tessile e della concia. Presenti 34 imprese e 2 banche dall\u2019Italia, cui si sommano gli imprenditori in loco, italiani e etiopi, per un totale di circa 200 aziende rappresentate. Oltre ad avere un tasso di crescita del PIL che nell&#8217;ultimo decennio si \u00e8 attestato attorno al 10% annuo, l&#8217;Etiopia emerge nel panorama africano come una delle economie pi\u00f9 dinamiche. \u00c8 inoltre il secondo paese del continente per popolazione, con un fortissimo tasso di urbanizzazione.<\/p>\n<p>Ad Addis Abeba, la missione ha partecipato al Business Forum Italia-ETIOPIA, presieduto, per parte etiope dai Vice Ministri degli Affari Esteri, dell&#8217;Industria, dell&#8217;Agricoltura e delle Finanze, e dal Presidente della Camera di commercio di Addis Abeba. &#8221;Quella con l&#8217;Etiopia \u00e8 una partnership in continua crescita&#8221;, ha detto aprendo il Forum la Vice Ministra. &#8221;La presenza dei rappresentanti delle tante aziende italiane che arrivano in questa occasione ad Addis Abeba, insieme a quelle gi\u00e0 presenti in Etiopia, testimonia &#8211; ha insistito &#8211; l&#8217;interesse del settore privato italiano per le opportunit\u00e0 offerte dalle importanti riforme economiche intraprese dal governo etiope e dall&#8217;entrata in vigore della zona di libero scambio continentale africana&#8221;. Il Forum, ha proseguito Del Re conferma l&#8217;interesse dell\u2019Italia per l&#8217;Etiopia &#8221;grazie alla sua stabilit\u00e0 economica e all&#8217;elevata crescita e al percorso delle recenti riforme&#8221;. Per questo, ha proseguito Del Re &#8221;l&#8217;industria italiana \u00e8 pronta a dare un contributo significativo alla modernizzazione e al rafforzamento del settore privato etiope&#8221;.<\/p>\n<p>La Vice Ministra ha avuto anche incontri con il Primo Ministro etiope, Abiy Ahmed, con il Ministro degli Esteri, Gedu Andargachew, con il Ministro delle Finanze, Ahmed Shide e con la Ministra della Cultura, del Turismo e dello Sport, Hirut Kassaw. La Vice Ministra ha poi incontrato il Ministro etiope per le Risorse idriche, l&#8217;irrigazione e l\u2019elettricit\u00e0, Seleshi Bekele a margine della conferenza &#8220;Res4Africa&#8221;. La conferenza, che \u00e8 stata aperta dalla Vice Ministra, rappresenta un\u2019opportunit\u00e0 di consolidare il dialogo con le principali parti interessate del settore pubblico e privato, le istituzioni multilaterali e le organizzazioni della societ\u00e0 civile che lavorano all&#8217;accelerazione dell&#8217;accesso all&#8217;energia pulita come fondamento per uno sviluppo inclusivo e sostenibile in Africa. Del Re ha inoltre avuto un incontro trilaterale con il ministro degli Esteri etiope Gedu Andargachew e l&#8217;omologo eritreo Osman Saleh.<\/p>\n<p>Il 21 giugno, la Vice Ministra si \u00e8 trasferita nella regione del Tigray nel nord del paese, per un incontro con i rappresentanti dell&#8217;Agenzia per gli affari dei rifugiati e dei rimpatriati (ARRA) e dell&#8217;Alto commissariato delle Nazioni Unite per i rifugiati (UNHCR) in Shire, prima del trasferimento nel campo profughi di Hitsats. Nella giornata, ha inoltre fatto visita al Parco archeologico di Axum, Patrimonio UNESCO dell\u2019umanit\u00e0, dove ha avuto un&#8217;accoglienza calorosa da parte della popolazione e incontri con le autorit\u00e0. La missione \u00e8 proseguita poi nella citt\u00e0 di Adua, dove \u00e8 prevista una visita delle scuole Kidane Meheret, del progetto di cooperazione decentrata TVET (Vocational Education and Training) e dell&#8217;ospedale locale. Sabato 22 giugno, la Vice Ministra ha fatto visita allo stabilimento di Calzedonia a Macalle&#8217;, al Centro dei salesiani TVET (Iveco-Tessile) e al progetto Since (Stemming Irregular) Migration in Northern and Central Ethiopia), oltre ad incontrare i rappresentanti delle altre organizzazioni della societ\u00e0 civile presenti in Tigr\u00e8.<\/p>\n","protected":false},"excerpt":{"rendered":"La Vice Ministra agli Affari Esteri e alla Cooperazione Internazionale, Emanuela Del Re, ha guidato una missione imprenditoriale in Etiopia dal 19 al 20 giugno, organizzata in collaborazione con Confindustria, ICE (Istituto per il Commercio Estero), Abi (Associazione Bancaria Italiana) e il Ministero dello Sviluppo Economico. L&#8217;iniziativa ha avuto carattere plurisettoriale con un focus sui [&hellip;]","protected":false},"author":1,"featured_media":0,"comment_status":"","ping_status":"","sticky":false,"template":"","format":"standard","meta":{"footnotes":""},"categories":[1],"tags":[31,3,399],"class_list":["post-28107","post","type-post","status-publish","format-standard","hentry","category-comunicati","tag-africa","tag-diplomazia-economica","tag-vice-ministri-e-sottosegretari-precedenti"],"_links":{"self":[{"href":"https:\/\/www.esteri.it\/it\/wp-json\/wp\/v2\/posts\/28107","targetHints":{"allow":["GET"]}}],"collection":[{"href":"https:\/\/www.esteri.it\/it\/wp-json\/wp\/v2\/posts"}],"about":[{"href":"https:\/\/www.esteri.it\/it\/wp-json\/wp\/v2\/types\/post"}],"author":[{"embeddable":true,"href":"https:\/\/www.esteri.it\/it\/wp-json\/wp\/v2\/users\/1"}],"replies":[{"embeddable":true,"href":"https:\/\/www.esteri.it\/it\/wp-json\/wp\/v2\/comments?post=28107"}],"version-history":[{"count":0,"href":"https:\/\/www.esteri.it\/it\/wp-json\/wp\/v2\/posts\/28107\/revisions"}],"wp:attachment":[{"href":"https:\/\/www.esteri.it\/it\/wp-json\/wp\/v2\/media?parent=28107"}],"wp:term":[{"taxonomy":"category","embeddable":true,"href":"https:\/\/www.esteri.it\/it\/wp-json\/wp\/v2\/categories?post=28107"},{"taxonomy":"post_tag","embeddable":true,"href":"https:\/\/www.esteri.it\/it\/wp-json\/wp\/v2\/tags?post=28107"}],"curies":[{"name":"wp","href":"https:\/\/api.w.org\/{rel}","templated":true}]}}