{"id":28143,"date":"2019-03-15T12:14:26","date_gmt":"2019-03-15T11:14:26","guid":{"rendered":"https:\/\/www.esteri.it\/sala_stampa\/archivionotizie\/comunicati\/2019\/03\/la-vice-ministra-del-re-ha-aperto-alla-camera-dei-deputati-il-convegno-migrazione-accoglienza-inclusione-co-sviluppo-il-ruolo-delle-diaspore-med-africane-in-italia\/"},"modified":"2019-03-15T12:14:26","modified_gmt":"2019-03-15T11:14:26","slug":"la-vice-ministra-del-re-ha-aperto-alla-camera-dei-deputati-il-convegno-migrazione-accoglienza-inclusione-co-sviluppo-il-ruolo-delle-diaspore-med-africane-in-italia","status":"publish","type":"post","link":"https:\/\/www.esteri.it\/it\/sala_stampa\/archivionotizie\/comunicati\/2019\/03\/la-vice-ministra-del-re-ha-aperto-alla-camera-dei-deputati-il-convegno-migrazione-accoglienza-inclusione-co-sviluppo-il-ruolo-delle-diaspore-med-africane-in-italia\/","title":{"rendered":"La Vice Ministra Del Re ha aperto alla Camera dei Deputati il convegno \u201cMigrazione, accoglienza, inclusione, co-sviluppo. Il ruolo delle diaspore med-africane in Italia\u201d"},"content":{"rendered":"<p>La Vice Ministra degli Affari Esteri e della Cooperazione Internazionale ha aperto, il 14 marzo presso l&#8217;aula dei Gruppi parlamentari alla Camera dei deputati, il convegno \u201cMigrazione, accoglienza, inclusione, co-sviluppo. Il ruolo delle diaspore med-africane in Italia\u201d.<\/p>\n<p>Promosso dal Centro italiano per la pace in Medio Oriente (Cipmo) in partnership con il centro studi e rivista Confronti, all&#8217;evento hanno partecipato anche il presidente di Cipmo, Janiki Cingoli e il direttore di Confronti, Claudio Paravati. Il convegno ha dato voce innanzitutto alle organizzazioni diasporiche, alle loro istanze e alle loro concrete esperienze sul terreno, cui i rappresentanti delle istituzioni nazionali e locali sono chiamati a dare risposta, e si propone di creare canali di contatto e di comunicazione tra le diverse istituzioni nazionali e locali, le cui iniziative talora procedono in parallelo<\/p>\n<p>&#8220;C&#8217;\u00e8 una tendenza internazionale irreversibile della quale la politica deve tenere conto: la comunit\u00e0 a cui si appartiene non \u00e8 necessariamente quella di residenza. Il ponte che le diaspore creano tra mondo di origine e mondo di residenza permette un passaggio fluido a livello politico, economico e sociale. La politica deve partire dalla risorsa rappresentata dal doppio senso di appartenenza delle comunit\u00e0 diasporiche, che ci aiutano a conoscere meglio la vastit\u00e0 del mondo&#8221;- ha detto la Vice Ministra nel suo intervento di apertura. \u201cDiaspora \u00e8 casa &#8211; ha sottolineato Del Re &#8211; Le diaspore sono ampie, e fanno parte ormai della nostra comunit\u00e0. Occorre comunicare un messaggio positivo su di esse&#8221; e contribuire &#8220;a una nuova narrazione, cercando di raggiungere tutti quelli che non si preoccupano di informarsi e di mettere in discussione le loro posizioni&#8221;. La Vice Ministra ha infine annunciato una sua prossima visita nei Paesi del Sahel.<\/p>\n","protected":false},"excerpt":{"rendered":"La Vice Ministra degli Affari Esteri e della Cooperazione Internazionale ha aperto, il 14 marzo presso l&#8217;aula dei Gruppi parlamentari alla Camera dei deputati, il convegno \u201cMigrazione, accoglienza, inclusione, co-sviluppo. Il ruolo delle diaspore med-africane in Italia\u201d. Promosso dal Centro italiano per la pace in Medio Oriente (Cipmo) in partnership con il centro studi e [&hellip;]","protected":false},"author":1,"featured_media":0,"comment_status":"","ping_status":"","sticky":false,"template":"","format":"standard","meta":{"footnotes":""},"categories":[1],"tags":[31,399],"class_list":["post-28143","post","type-post","status-publish","format-standard","hentry","category-comunicati","tag-africa","tag-vice-ministri-e-sottosegretari-precedenti"],"_links":{"self":[{"href":"https:\/\/www.esteri.it\/it\/wp-json\/wp\/v2\/posts\/28143","targetHints":{"allow":["GET"]}}],"collection":[{"href":"https:\/\/www.esteri.it\/it\/wp-json\/wp\/v2\/posts"}],"about":[{"href":"https:\/\/www.esteri.it\/it\/wp-json\/wp\/v2\/types\/post"}],"author":[{"embeddable":true,"href":"https:\/\/www.esteri.it\/it\/wp-json\/wp\/v2\/users\/1"}],"replies":[{"embeddable":true,"href":"https:\/\/www.esteri.it\/it\/wp-json\/wp\/v2\/comments?post=28143"}],"version-history":[{"count":0,"href":"https:\/\/www.esteri.it\/it\/wp-json\/wp\/v2\/posts\/28143\/revisions"}],"wp:attachment":[{"href":"https:\/\/www.esteri.it\/it\/wp-json\/wp\/v2\/media?parent=28143"}],"wp:term":[{"taxonomy":"category","embeddable":true,"href":"https:\/\/www.esteri.it\/it\/wp-json\/wp\/v2\/categories?post=28143"},{"taxonomy":"post_tag","embeddable":true,"href":"https:\/\/www.esteri.it\/it\/wp-json\/wp\/v2\/tags?post=28143"}],"curies":[{"name":"wp","href":"https:\/\/api.w.org\/{rel}","templated":true}]}}