{"id":28145,"date":"2019-02-28T10:25:05","date_gmt":"2019-02-28T09:25:05","guid":{"rendered":"https:\/\/www.esteri.it\/sala_stampa\/archivionotizie\/comunicati\/2019\/02\/visita-della-vice-ministra-del-re-al-polo-delle-nazioni-unite-di-brindisi\/"},"modified":"2021-06-28T12:28:25","modified_gmt":"2021-06-28T10:28:25","slug":"visita-della-vice-ministra-del-re-al-polo-delle-nazioni-unite-di-brindisi","status":"publish","type":"post","link":"https:\/\/www.esteri.it\/it\/sala_stampa\/archivionotizie\/comunicati\/2019\/02\/visita-della-vice-ministra-del-re-al-polo-delle-nazioni-unite-di-brindisi\/","title":{"rendered":"Visita della Vice Ministra Del Re al polo delle Nazioni Unite di Brindisi"},"content":{"rendered":"<p>La Vice Ministra agli Affari Esteri e alla Cooperazione Internazionale, Emanuela Del Re, ha effettuato una visita al polo delle Nazioni Unite di Brindisi. La visita \u00e8 cominciata alla Base di pronto intervento umanitario delle Nazioni Unite (UNHRD) uno strumento di logistica del World Food Programme (WFP) che fa parte di una Rete internazionale che consente ai propri Partner \u2013 attualmente 88 enti tra Governi, Organismi Internazionali ed Organizzazioni della Societ\u00e0 Civile &#8211; di \u201cpre-posizionare\u201d i propri beni umanitari nei depositi e di rispondere in modo rapido ed efficace alle emergenze umanitarie.<\/p>\n<p>La Vice Ministra ha confermato l\u2019impegno italiano a contribuire alle risposte umanitarie e di emergenza nelle aree di crisi. \u201cIl deposito di Brindisi incarna lo spirito di solidariet\u00e0 della comunit\u00e0 locale che ne ospita le strutture, rappresentando altres\u00ec una ulteriore opportunit\u00e0 per lo sviluppo economico della stessa comunit\u00e0\u201d \u2013 ha detto Del Re nel corso della visita.<\/p>\n<p>La Vice Ministra si \u00e8 successivamente recata alla base logistica del Global Service Centre (GCS) delle Nazioni Unite. Il Centro, che occupa un\u2019area di circa 370.000 m2 e 65 edifici messi a disposizione dal Ministero della Difesa, fornisce sostegno logistico a tutte le operazioni (militari e civili) delle Nazioni Unite, incluso nei settori dell\u2019informatica e delle telecomunicazioni e della gestione dell\u2019impatto ambientale delle operazioni ONU.<\/p>\n<p>La Vice Ministra ha espresso l\u2019orgoglio dell\u2019Italia per ospitare il GSC a Brindisi, \u201cuno snodo fondamentale per funzioni di alto valore aggiunto a sostegno delle operazioni di pace e un centro di eccellenza nel sistema delle Nazioni Unite\u201d \u2013 ha detto la Vice Ministra \u2013 \u201cL\u2019Italia continuer\u00e0 a fornire al GSC tutta l\u2019assistenza necessaria perch\u00e9 possa incrementare le sue attivit\u00e0 e funzioni\u201d.<\/p>\n<p>A conclusione della giornata, la Vice Ministra ha avuto un incontro con il Sindaco e il Prefetto di Brindisi.<\/p>\n","protected":false},"excerpt":{"rendered":"La Vice Ministra agli Affari Esteri e alla Cooperazione Internazionale, Emanuela Del Re, ha effettuato una visita al polo delle Nazioni Unite di Brindisi. La visita \u00e8 cominciata alla Base di pronto intervento umanitario delle Nazioni Unite (UNHRD) uno strumento di logistica del World Food Programme (WFP) che fa parte di una Rete internazionale che [&hellip;]","protected":false},"author":1,"featured_media":0,"comment_status":"closed","ping_status":"closed","sticky":false,"template":"","format":"standard","meta":{"footnotes":""},"categories":[1],"tags":[26,399],"class_list":["post-28145","post","type-post","status-publish","format-standard","hentry","category-comunicati","tag-onu","tag-vice-ministri-e-sottosegretari-precedenti"],"_links":{"self":[{"href":"https:\/\/www.esteri.it\/it\/wp-json\/wp\/v2\/posts\/28145","targetHints":{"allow":["GET"]}}],"collection":[{"href":"https:\/\/www.esteri.it\/it\/wp-json\/wp\/v2\/posts"}],"about":[{"href":"https:\/\/www.esteri.it\/it\/wp-json\/wp\/v2\/types\/post"}],"author":[{"embeddable":true,"href":"https:\/\/www.esteri.it\/it\/wp-json\/wp\/v2\/users\/1"}],"replies":[{"embeddable":true,"href":"https:\/\/www.esteri.it\/it\/wp-json\/wp\/v2\/comments?post=28145"}],"version-history":[{"count":0,"href":"https:\/\/www.esteri.it\/it\/wp-json\/wp\/v2\/posts\/28145\/revisions"}],"wp:attachment":[{"href":"https:\/\/www.esteri.it\/it\/wp-json\/wp\/v2\/media?parent=28145"}],"wp:term":[{"taxonomy":"category","embeddable":true,"href":"https:\/\/www.esteri.it\/it\/wp-json\/wp\/v2\/categories?post=28145"},{"taxonomy":"post_tag","embeddable":true,"href":"https:\/\/www.esteri.it\/it\/wp-json\/wp\/v2\/tags?post=28145"}],"curies":[{"name":"wp","href":"https:\/\/api.w.org\/{rel}","templated":true}]}}