{"id":28210,"date":"2018-10-05T08:24:46","date_gmt":"2018-10-05T06:24:46","guid":{"rendered":"https:\/\/www.esteri.it\/sala_stampa\/archivionotizie\/comunicati\/2018\/10\/incontro-del-ministro-moavero-con-il-ministro-di-stato-tedesco-agli-affari-europei-roth\/"},"modified":"2018-10-05T08:24:46","modified_gmt":"2018-10-05T06:24:46","slug":"incontro-del-ministro-moavero-con-il-ministro-di-stato-tedesco-agli-affari-europei-roth","status":"publish","type":"post","link":"https:\/\/www.esteri.it\/it\/sala_stampa\/archivionotizie\/comunicati\/2018\/10\/incontro-del-ministro-moavero-con-il-ministro-di-stato-tedesco-agli-affari-europei-roth\/","title":{"rendered":"Riunione del Ministro Moavero con il Ministro di Stato Tedesco agli Affari Europei, Roth"},"content":{"rendered":"<p><img loading=\"lazy\" decoding=\"async\" width=\"600\" height=\"400\" style=\"margin-right: auto; margin-left: auto; display: block;\" alt=\"03\" src=\"https:\/\/www.esteri.it\/mae\/resource\/img\/2018\/10\/03.jpg\" \/><\/p>\n<p>Il Ministro degli Affari Esteri e della Cooperazione Internazionale, Enzo Moavero Milanesi, ha ricevuto il 4 ottobre alla Farnesina il Ministro di Stato tedesco agli Affari Europei, Michael Roth.\u00a0<\/p>\n<p>La riunione ha consentito ai due Ministri di approfondire i principali temi di comune interesse che sono attualmente trattati dal Consiglio Affari Generali, anche nella prospettiva della sua prossima seduta del 16 ottobre. \u00a0C\u2019\u00e8 stata notevole consonanza sui vari punti evocati. Inoltre, con l\u2019intento di innovare rispetto alle prassi sin qui seguite, si \u00e8 deciso di valutare, speditamente, le vie pi\u00f9 opportune per strutturare un quadro di sistematica cooperazione e reciproca consultazione sulle rispettive posizioni che Germania e Italia intendono assumere nelle competenti sedi UE.<\/p>\n<p>Con riferimento alle discussioni in corso in Italia sulle misure economiche e la prossima legge di stabilit\u00e0, il\u00a0Ministro Roth si \u00e8 pronunciato a favore dell\u2019opportunit\u00e0 di misure di bilanciamento sociale, e soprattutto di protezione sociale, delle persone che si trovano in situazione svantaggiata, oltre che di incentivi all\u2019ingresso nel mondo del lavoro.<\/p>\n<p>Riguardo la proposta per il bilancio pluriennale UE per il periodo 2021-2027, il Ministro Moavero ha evidenziato la necessit\u00e0 di un approccio pi\u00f9 coraggioso da parte della Commissione europea, al fine di dare risposte concrete alle pi\u00f9 attuali esigenze prioritarie dei cittadini europei. In particolare, la proposta andrebbe rivista in maniera da prevedere nuove e genuine risorse proprie dell\u2019Unione che permettano di disporre di fondi adeguati per preservare le tradizionali politiche a sostegno della coesione economica e sociale, dell\u2019innovazione, delle infrastrutture e dell\u2019agricoltura, nonch\u00e9 di affrontare le nuove questioni di maggiore rilevanza e urgenza, come gli ingenti investimenti nei Paesi di origine e di transito dei migranti al servizio di un migliore governo dei flussi migratori. Il Ministro Roth si \u00e8 detto aperto a una riflessione congiunta al riguardo.<\/p>\n<p>Con riferimento, infine, ai negoziati per la Brexit, il Ministro Roth ha insistito sulla necessit\u00e0 di mantenere una linea unitaria fra i 27 Stati UE. Per parte sua, il Ministro Moavero ha ribadito la posizione italiana di giungere a un accordo con il Regno Unito che presti la dovuta attenzione ai dettagli pi\u00f9 significativi del negoziato in corso e assicuri, in particolare: la piena tutela dei cittadini italiani e degli altri Paesi UE residenti nel Regno Unito, nonch\u00e9 la protezione delle denominazioni d&#8217;origine e delle indicazioni geografiche dei prodotti italiani, evitando altres\u00ec nei loro confronti forme di discriminazione camuffata da semplicistiche e fuorvianti indicazioni, come i cosiddetti \u2018semafori\u2019 per i prodotti alimentari.<\/p>\n","protected":false},"excerpt":{"rendered":"Il Ministro degli Affari Esteri e della Cooperazione Internazionale, Enzo Moavero Milanesi, ha ricevuto il 4 ottobre alla Farnesina il Ministro di Stato tedesco agli Affari Europei, Michael Roth.\u00a0 La riunione ha consentito ai due Ministri di approfondire i principali temi di comune interesse che sono attualmente trattati dal Consiglio Affari Generali, anche nella prospettiva [&hellip;]","protected":false},"author":1,"featured_media":0,"comment_status":"","ping_status":"","sticky":false,"template":"","format":"standard","meta":{"footnotes":""},"categories":[1],"tags":[9,76,42],"class_list":["post-28210","post","type-post","status-publish","format-standard","hentry","category-comunicati","tag-europa","tag-ministri-precedenti","tag-unione-europea"],"_links":{"self":[{"href":"https:\/\/www.esteri.it\/it\/wp-json\/wp\/v2\/posts\/28210","targetHints":{"allow":["GET"]}}],"collection":[{"href":"https:\/\/www.esteri.it\/it\/wp-json\/wp\/v2\/posts"}],"about":[{"href":"https:\/\/www.esteri.it\/it\/wp-json\/wp\/v2\/types\/post"}],"author":[{"embeddable":true,"href":"https:\/\/www.esteri.it\/it\/wp-json\/wp\/v2\/users\/1"}],"replies":[{"embeddable":true,"href":"https:\/\/www.esteri.it\/it\/wp-json\/wp\/v2\/comments?post=28210"}],"version-history":[{"count":0,"href":"https:\/\/www.esteri.it\/it\/wp-json\/wp\/v2\/posts\/28210\/revisions"}],"wp:attachment":[{"href":"https:\/\/www.esteri.it\/it\/wp-json\/wp\/v2\/media?parent=28210"}],"wp:term":[{"taxonomy":"category","embeddable":true,"href":"https:\/\/www.esteri.it\/it\/wp-json\/wp\/v2\/categories?post=28210"},{"taxonomy":"post_tag","embeddable":true,"href":"https:\/\/www.esteri.it\/it\/wp-json\/wp\/v2\/tags?post=28210"}],"curies":[{"name":"wp","href":"https:\/\/api.w.org\/{rel}","templated":true}]}}