{"id":2826,"date":"2019-06-03T15:56:56","date_gmt":"2019-06-03T13:56:56","guid":{"rendered":"https:\/\/www.esteri.it\/sala_stampa\/archivionotizie\/comunicati\/2019\/06\/missione-in-giappone-del-ministro-moavero-milanesi\/"},"modified":"2019-06-03T15:56:56","modified_gmt":"2019-06-03T13:56:56","slug":"missione-in-giappone-del-ministro-moavero-milanesi","status":"publish","type":"post","link":"https:\/\/www.esteri.it\/it\/sala_stampa\/archivionotizie\/comunicati\/2019\/06\/missione-in-giappone-del-ministro-moavero-milanesi\/","title":{"rendered":"Missione in Giappone del Ministro Moavero Milanesi"},"content":{"rendered":"<p>Il Ministro degli Affari Esteri e della Cooperazione Internazionale, Enzo Moavero Milanesi, sar\u00e0 in Giappone, a Tokyo, il 4 e 5 giugno. La missione ha l\u2019obiettivo di\u00a0rilanciare i gi\u00e0 solidi, speciali e articolati rapporti tra Italia e Giappone e si inserisce nella cornice della forte attenzione dedicata al continente asiatico.<\/p>\n<p>Il Ministro Moavero avr\u00e0 riunioni con il Primo Ministro, Shinzo Abe, e con il Ministro degli Esteri, Taro Kono, con il quale intrattiene da tempo costanti rapporti di amicizia e reciproca consultazione, gi\u00e0 concretizzati in quattro precedenti incontri strutturanti. Inoltre, il Ministro avr\u00e0 una riunione con il membro del Parlamento giapponese e Presidente dell\u2019Associazione parlamentare di amicizia Italia-Giappone, Amari Akira, e un\u2019altra con esponenti delle aziende italiane e della comunit\u00e0 dei connazionale presenti in Giappone.<\/p>\n<p>Le varie riunioni consentiranno di passare in rassegna i distinti profili delle reciproche relazioni, i principali dossier regionali e le questioni multilaterali di maggior interesse, anche in vista del Vertice G-20 di Osaka del 28-29 giugno e nella prospettiva della presidenza italiana del medesimo G-20 nel 2021. Verranno, inoltre, approfondite le opportunit\u00e0 di collaborazione economica fra Italia e Giappone in ambito bilaterale e in Paesi terzi &#8211; con specifica attenzione a progetti congiunti in Asia e in Africa &#8211; nonch\u00e9 nel contesto delle iniziative volte a migliorare le interconnessioni tra l&#8217;Europa e l&#8217;Asia\u00a0orientale con appropriati investimenti in infrastrutture, sulla base dei principi condivisi in seno all\u2019Unione Europea e al sistema di alleanze di cui fa parte l\u2019Italia.<\/p>\n<p>Un\u2019attenzione particolare sar\u00e0 riservata alle relazioni culturali e alle numerose iniziative italiane in programma in Giappone, Nazione tra le pi\u00f9 sensibili al nostro patrimonio artistico, come la prospettata mostra su Caravaggio in tre grandi citt\u00e0 giapponesi (Sapporo, Osaka e Nagoya) e le settimane dedicate alla lingua italiane e ai nostri prodotti agroalimentari. Il Ministro Moavero visiter\u00e0 anche l\u2019Istituto Italiano di Cultura di Tokyo, dove avr\u00e0 una speciale riunione con i docenti di italiano.<\/p>\n","protected":false},"excerpt":{"rendered":"Il Ministro degli Affari Esteri e della Cooperazione Internazionale, Enzo Moavero Milanesi, sar\u00e0 in Giappone, a Tokyo, il 4 e 5 giugno. La missione ha l\u2019obiettivo di\u00a0rilanciare i gi\u00e0 solidi, speciali e articolati rapporti tra Italia e Giappone e si inserisce nella cornice della forte attenzione dedicata al continente asiatico. Il Ministro Moavero avr\u00e0 riunioni [&hellip;]","protected":false},"author":1,"featured_media":0,"comment_status":"","ping_status":"","sticky":false,"template":"","format":"standard","meta":{"footnotes":""},"categories":[1],"tags":[45,76],"class_list":["post-2826","post","type-post","status-publish","format-standard","hentry","category-comunicati","tag-asia-e-oceania","tag-ministri-precedenti"],"_links":{"self":[{"href":"https:\/\/www.esteri.it\/it\/wp-json\/wp\/v2\/posts\/2826","targetHints":{"allow":["GET"]}}],"collection":[{"href":"https:\/\/www.esteri.it\/it\/wp-json\/wp\/v2\/posts"}],"about":[{"href":"https:\/\/www.esteri.it\/it\/wp-json\/wp\/v2\/types\/post"}],"author":[{"embeddable":true,"href":"https:\/\/www.esteri.it\/it\/wp-json\/wp\/v2\/users\/1"}],"replies":[{"embeddable":true,"href":"https:\/\/www.esteri.it\/it\/wp-json\/wp\/v2\/comments?post=2826"}],"version-history":[{"count":0,"href":"https:\/\/www.esteri.it\/it\/wp-json\/wp\/v2\/posts\/2826\/revisions"}],"wp:attachment":[{"href":"https:\/\/www.esteri.it\/it\/wp-json\/wp\/v2\/media?parent=2826"}],"wp:term":[{"taxonomy":"category","embeddable":true,"href":"https:\/\/www.esteri.it\/it\/wp-json\/wp\/v2\/categories?post=2826"},{"taxonomy":"post_tag","embeddable":true,"href":"https:\/\/www.esteri.it\/it\/wp-json\/wp\/v2\/tags?post=2826"}],"curies":[{"name":"wp","href":"https:\/\/api.w.org\/{rel}","templated":true}]}}