{"id":28465,"date":"2017-08-06T16:17:16","date_gmt":"2017-08-06T14:17:16","guid":{"rendered":"https:\/\/www.esteri.it\/sala_stampa\/archivionotizie\/comunicati\/2017\/08\/alfano-forte-condanna-del-vile\/"},"modified":"2017-08-06T16:17:16","modified_gmt":"2017-08-06T14:17:16","slug":"alfano-forte-condanna-del-vile","status":"publish","type":"post","link":"https:\/\/www.esteri.it\/it\/sala_stampa\/archivionotizie\/comunicati\/2017\/08\/alfano-forte-condanna-del-vile\/","title":{"rendered":"Alfano: \u201cForte condanna del vile attentato di Ozubulo\u201d"},"content":{"rendered":"<p>\u201cCondanno con forza il vile attacco sferrato oggi contro la chiesa cattolica di St. Philip, nella localit\u00e0 di Ozubulo, nel sud-est della Nigeria. Ancora pi\u00f9 efferato e vile perch\u00e9 ha colpito i fedeli nel momento di raccoglimento della preghiera. L&#8217;ennesima strage di cristiani conferma che non possiamo abbassare la guardia contro il terrorismo, che punta a sopprimere la liberta&#8217; religiosa. Colpire i simboli religiosi e le persone che in essi credono, significa infatti violare uno dei principali e fondamentali diritti dell\u2019uomo. Ci stringiamo al dolore dei parenti delle vittime e auguriamo ai feriti una pronta guarigione. Solidariet\u00e0, dunque, al governo della Nigeria, a cui ci legano sentimenti di amicizia, e la piena garanzia che l\u2019Italia sar\u00e0 sempre al suo fianco nella lotta al terrorismo e all\u2019estremismo religioso\u201d. Cos\u00ec il ministro degli Affari Esteri e della Cooperazione Internazionale, Angelino Alfano, in seguito all\u2019attacco armato avvenuto oggi nella chiesa cattolica di St. Philip, nella localit\u00e0 di Ozubulo, nel sud-est della Nigeria.<\/p>\n","protected":false},"excerpt":{"rendered":"\u201cCondanno con forza il vile attacco sferrato oggi contro la chiesa cattolica di St. Philip, nella localit\u00e0 di Ozubulo, nel sud-est della Nigeria. Ancora pi\u00f9 efferato e vile perch\u00e9 ha colpito i fedeli nel momento di raccoglimento della preghiera. L&#8217;ennesima strage di cristiani conferma che non possiamo abbassare la guardia contro il terrorismo, che punta [&hellip;]","protected":false},"author":1,"featured_media":0,"comment_status":"","ping_status":"","sticky":false,"template":"","format":"standard","meta":{"footnotes":""},"categories":[1],"tags":[31,76,404],"class_list":["post-28465","post","type-post","status-publish","format-standard","hentry","category-comunicati","tag-africa","tag-ministri-precedenti","tag-sicurezza"],"_links":{"self":[{"href":"https:\/\/www.esteri.it\/it\/wp-json\/wp\/v2\/posts\/28465","targetHints":{"allow":["GET"]}}],"collection":[{"href":"https:\/\/www.esteri.it\/it\/wp-json\/wp\/v2\/posts"}],"about":[{"href":"https:\/\/www.esteri.it\/it\/wp-json\/wp\/v2\/types\/post"}],"author":[{"embeddable":true,"href":"https:\/\/www.esteri.it\/it\/wp-json\/wp\/v2\/users\/1"}],"replies":[{"embeddable":true,"href":"https:\/\/www.esteri.it\/it\/wp-json\/wp\/v2\/comments?post=28465"}],"version-history":[{"count":0,"href":"https:\/\/www.esteri.it\/it\/wp-json\/wp\/v2\/posts\/28465\/revisions"}],"wp:attachment":[{"href":"https:\/\/www.esteri.it\/it\/wp-json\/wp\/v2\/media?parent=28465"}],"wp:term":[{"taxonomy":"category","embeddable":true,"href":"https:\/\/www.esteri.it\/it\/wp-json\/wp\/v2\/categories?post=28465"},{"taxonomy":"post_tag","embeddable":true,"href":"https:\/\/www.esteri.it\/it\/wp-json\/wp\/v2\/tags?post=28465"}],"curies":[{"name":"wp","href":"https:\/\/api.w.org\/{rel}","templated":true}]}}