{"id":28467,"date":"2017-08-04T18:02:56","date_gmt":"2017-08-04T16:02:56","guid":{"rendered":"https:\/\/www.esteri.it\/sala_stampa\/archivionotizie\/comunicati\/2017\/08\/aiuti-a-favore-della-popolazione\/"},"modified":"2017-08-04T18:02:56","modified_gmt":"2017-08-04T16:02:56","slug":"aiuti-a-favore-della-popolazione","status":"publish","type":"post","link":"https:\/\/www.esteri.it\/it\/sala_stampa\/archivionotizie\/comunicati\/2017\/08\/aiuti-a-favore-della-popolazione\/","title":{"rendered":"Aiuti a favore della popolazione irachena"},"content":{"rendered":"<p>&#8220;Per fronteggiare alcuni degli aspetti pi\u00f9 gravi della crisi umanitaria che ha colpito l\u2019Iraq e la citt\u00e0 di Mosul, abbiamo disposto, tramite la Cooperazione Italiana, un pacchetto di aiuti del valore complessivo di 1,5 milioni di euro a favore della popolazione irachena sfollata e dei rifugiati siriani nel Paese&#8221;. E&#8217; quanto ha affermato il ministro degli Affari Esteri e della Cooperazione Internazionale, Angelino Alfano, specificando che l\u2019attuazione degli interventi verr\u00e0 affidata al Fondo della Nazioni Unite per l\u2019Infanzia (UNICEF) e all\u2019Agenzia ONU per l&#8217;Azione contro le Mine (UNMAS).<\/p>\n<p>Nello specifico, l\u2019intervento della Cooperazione Italiana consentir\u00e0 di finanziare la realizzazione di iniziative multilaterali volte al miglioramento delle condizioni di vita della popolazione infantile e alla bonifica da mine e residuati bellici.<\/p>\n<p>Il contributo destinato a UNICEF, del valore di 1 milione di euro, verr\u00e0 impiegato per prestare assistenza a minori e donne vulnerabili attraverso attivit\u00e0 di supporto psicosociale, interventi salva vita di salute materno-infantile e di supporto nutrizionale. I finanziamenti a UNMAS, del valore di 500.000 euro, verranno invece utilizzati per la realizzazione di attivit\u00e0 di sminamento, educazione al rischio e rafforzamento delle capacit\u00e0 delle autorit\u00e0 locali, con l&#8217;obiettivo di facilitare l&#8217;accessibilit\u00e0 dei partner umanitari alla zone di prima emergenza e di favorire un ritorno sicuro degli sfollati nelle zone di origine.<\/p>\n<p>Questi interventi non esauriscono l&#8217;azione della Cooperazione italiana per la crisi umanitaria\u00a0 in Iraq nel 2017. Sono infatti previste ulteriori risorse pari ad almeno 2,5 milioni di euro per onorare l&#8217;impegno annunciato alla Conferenza di Washington nel luglio scorso.<\/p>\n","protected":false},"excerpt":{"rendered":"&#8220;Per fronteggiare alcuni degli aspetti pi\u00f9 gravi della crisi umanitaria che ha colpito l\u2019Iraq e la citt\u00e0 di Mosul, abbiamo disposto, tramite la Cooperazione Italiana, un pacchetto di aiuti del valore complessivo di 1,5 milioni di euro a favore della popolazione irachena sfollata e dei rifugiati siriani nel Paese&#8221;. E&#8217; quanto ha affermato il ministro [&hellip;]","protected":false},"author":1,"featured_media":0,"comment_status":"","ping_status":"","sticky":false,"template":"","format":"standard","meta":{"footnotes":""},"categories":[1],"tags":[29,6,76],"class_list":["post-28467","post","type-post","status-publish","format-standard","hentry","category-comunicati","tag-cooperazione-sviluppo","tag-mediterraneo-e-medio-oriente","tag-ministri-precedenti"],"_links":{"self":[{"href":"https:\/\/www.esteri.it\/it\/wp-json\/wp\/v2\/posts\/28467","targetHints":{"allow":["GET"]}}],"collection":[{"href":"https:\/\/www.esteri.it\/it\/wp-json\/wp\/v2\/posts"}],"about":[{"href":"https:\/\/www.esteri.it\/it\/wp-json\/wp\/v2\/types\/post"}],"author":[{"embeddable":true,"href":"https:\/\/www.esteri.it\/it\/wp-json\/wp\/v2\/users\/1"}],"replies":[{"embeddable":true,"href":"https:\/\/www.esteri.it\/it\/wp-json\/wp\/v2\/comments?post=28467"}],"version-history":[{"count":0,"href":"https:\/\/www.esteri.it\/it\/wp-json\/wp\/v2\/posts\/28467\/revisions"}],"wp:attachment":[{"href":"https:\/\/www.esteri.it\/it\/wp-json\/wp\/v2\/media?parent=28467"}],"wp:term":[{"taxonomy":"category","embeddable":true,"href":"https:\/\/www.esteri.it\/it\/wp-json\/wp\/v2\/categories?post=28467"},{"taxonomy":"post_tag","embeddable":true,"href":"https:\/\/www.esteri.it\/it\/wp-json\/wp\/v2\/tags?post=28467"}],"curies":[{"name":"wp","href":"https:\/\/api.w.org\/{rel}","templated":true}]}}