{"id":28618,"date":"2016-06-28T18:35:28","date_gmt":"2016-06-28T16:35:28","guid":{"rendered":"https:\/\/www.esteri.it\/sala_stampa\/archivionotizie\/comunicati\/2016\/06\/il-sottosegretario-della-vedova_1\/"},"modified":"2016-06-28T18:35:28","modified_gmt":"2016-06-28T16:35:28","slug":"il-sottosegretario-della-vedova_1","status":"publish","type":"post","link":"https:\/\/www.esteri.it\/it\/sala_stampa\/archivionotizie\/comunicati\/2016\/06\/il-sottosegretario-della-vedova_1\/","title":{"rendered":"Il Sottosegretario Della Vedova incontra Bill Gates alla Farnesina"},"content":{"rendered":"<p>Nel corso di un incontro svoltosi oggi alla Farnesina con Bill Gates, Presidente della Bill and Melinda Gates Foundation, il Sottosegretario agli Affari Esteri ed alla Cooperazione Internazionale Senatore Benedetto Della Vedova ha ribadito l\u2019impegno dell\u2019Italia nella cooperazione internazionale allo sviluppo.<\/p>\n<p>Il Sottosegretario Della Vedova ha evidenziato la necessit\u00e0 di attuare gli Obiettivi per lo Sviluppo Sostenibile e ha ricordato il contributo dell\u2019Italia, gi\u00e0 annunciato ieri a Gates dal Presidente del Consiglio Renzi nel corso di un incontro all\u2019aeroporto di Ciampino, \u00a0di 130 milioni di euro, al Fondo Globale contro l\u2019AIDS, la Malaria e la Tubercolosi, per il periodo 2017-2019. Un contributo in aumento di 30 milioni rispetto al precedente triennio (2014-2016).<\/p>\n<p>L\u2019Italia \u00e8 stata tra gli iniziatori del Fondo Globale, cui ha contribuito, dal 2002 ad oggi, per oltre 1 miliardo di euro. L\u2019azione del Fondo Globale contro le tre pandemie ha consentito di salvare finora oltre 17 milioni di vite umane.<\/p>\n<p>\u201cIl successo nella sfida in cui \u00e8 impegnato il Fondo Globale, insieme ai donatori che lo sostengono \u2013 ha ricordato il Sottosegretario a Gates \u2013 pu\u00f2 fare da traino per il raggiungimento di molti altri obiettivi. Garantire la salute globale, a cominciare dalla sconfitta di pandemie come Aids, tubercolosi e malaria, potr\u00e0 costituire, infatti, un essenziale strumento per debellare la povert\u00e0 e la fame e contribuire ad un mondo pi\u00f9 stabile e pi\u00f9 sicuro\u201d.<\/p>\n<p>Dal canto suo, Gates, con cui \u00e8 stato affrontato anche il tema dell\u2019immigrazione, \u00a0ha espresso il proprio vivo apprezzamento per il crescente impegno dell\u2019Italia a favore dello sviluppo sostenibile e della salute globale.<\/p>\n","protected":false},"excerpt":{"rendered":"Nel corso di un incontro svoltosi oggi alla Farnesina con Bill Gates, Presidente della Bill and Melinda Gates Foundation, il Sottosegretario agli Affari Esteri ed alla Cooperazione Internazionale Senatore Benedetto Della Vedova ha ribadito l\u2019impegno dell\u2019Italia nella cooperazione internazionale allo sviluppo. Il Sottosegretario Della Vedova ha evidenziato la necessit\u00e0 di attuare gli Obiettivi per lo [&hellip;]","protected":false},"author":1,"featured_media":0,"comment_status":"","ping_status":"","sticky":false,"template":"","format":"standard","meta":{"footnotes":""},"categories":[1],"tags":[29,399],"class_list":["post-28618","post","type-post","status-publish","format-standard","hentry","category-comunicati","tag-cooperazione-sviluppo","tag-vice-ministri-e-sottosegretari-precedenti"],"_links":{"self":[{"href":"https:\/\/www.esteri.it\/it\/wp-json\/wp\/v2\/posts\/28618","targetHints":{"allow":["GET"]}}],"collection":[{"href":"https:\/\/www.esteri.it\/it\/wp-json\/wp\/v2\/posts"}],"about":[{"href":"https:\/\/www.esteri.it\/it\/wp-json\/wp\/v2\/types\/post"}],"author":[{"embeddable":true,"href":"https:\/\/www.esteri.it\/it\/wp-json\/wp\/v2\/users\/1"}],"replies":[{"embeddable":true,"href":"https:\/\/www.esteri.it\/it\/wp-json\/wp\/v2\/comments?post=28618"}],"version-history":[{"count":0,"href":"https:\/\/www.esteri.it\/it\/wp-json\/wp\/v2\/posts\/28618\/revisions"}],"wp:attachment":[{"href":"https:\/\/www.esteri.it\/it\/wp-json\/wp\/v2\/media?parent=28618"}],"wp:term":[{"taxonomy":"category","embeddable":true,"href":"https:\/\/www.esteri.it\/it\/wp-json\/wp\/v2\/categories?post=28618"},{"taxonomy":"post_tag","embeddable":true,"href":"https:\/\/www.esteri.it\/it\/wp-json\/wp\/v2\/tags?post=28618"}],"curies":[{"name":"wp","href":"https:\/\/api.w.org\/{rel}","templated":true}]}}