{"id":28621,"date":"2016-06-18T14:41:41","date_gmt":"2016-06-18T12:41:41","guid":{"rendered":"https:\/\/www.esteri.it\/sala_stampa\/archivionotizie\/comunicati\/2016\/06\/libia-amendola-pd-accordo-firmato\/"},"modified":"2016-06-18T14:41:41","modified_gmt":"2016-06-18T12:41:41","slug":"libia-amendola-pd-accordo-firmato","status":"publish","type":"post","link":"https:\/\/www.esteri.it\/it\/sala_stampa\/archivionotizie\/comunicati\/2016\/06\/libia-amendola-pd-accordo-firmato\/","title":{"rendered":"Libia, Sottosegretario Amendola, accordo firmato a Roma importante per stabilit\u00e0 Paese"},"content":{"rendered":"<p>Il Sottosegretario agli Esteri Vincenzo Amendola ha accolto con grande soddisfazione l\u2019accordo firmato dalla Comunit\u00e0 di Sant\u2019Egidio con esponenti del Fezzan, nel sud della Libia.<\/p>\n<p>&#8220;L\u2019accordo firmato a Roma \u00e8 l\u2019ennesimo tassello verso la stabilizzazione della Libia\u201d. \u00c8 quanto dichiara il sottosegretario agli Esteri, Vincenzo Amendola, che ieri ha incontrato alla Farnesina una delegazione di politici e della societ\u00e0 civile e delle trib\u00f9 del sud della Libia, ed esponenti della Comunit\u00e0 di Sant\u2019Egidio.<\/p>\n<p>\u201cCon molto piacere ieri al Ministero degli Esteri ho accolto i firmatari dell\u2019accordo, che mi hanno consegnato il documento siglato oggi.\u00a0 L\u2019Italia, ancora una volta, dimostra di essere un Paese di primo piano nel quadro della comunit\u00e0 internazionale impegnata per la pacificazione e il consolidamento del governo di unit\u00e0 nazionale di al-Sarraj. Grazie a Sant\u2019Egidio che ha sponsorizzato i colloqui di questi giorni \u2013 spiega Amendola \u2013 si \u00e8 dato un ulteriore sostegno alla popolazione libica verso la ripresa del sistema economico del Paese e la lotta al terrorismo. Il documento siglato nelle scorse ore a Roma &#8211; continua &#8211; rafforza l&#8217;unit\u00e0 del Paese e del sud, colpito duramente dalla crisi e dall\u2019immigrazione proveniente dall\u2019Africa\u201d.<\/p>\n<p>\u201cL\u2019accordo sulle questioni umanitarie render\u00e0 possibile l\u2019invio di aiuti di emergenza a strutture ospedaliere situate in tutte e cinque le provincie del Fezzan, dove mancano da tempo materiali di prima necessit\u00e0, come anche di kit per le vaccinazioni dei bambini. La riapertura delle comunicazioni con questa parte della Libia \u00e8 cruciale ai fini dell\u2019applicazione del processo di ricostruzione dello Stato sostenuto dall\u2019ONU. I delegati del Fezzan hanno sottoscritto un accordo che permetter\u00e0 l\u2019invio e la distribuzione di aiuti umanitari nella zona, garantendo la presenza della Croce Rossa Internazionale, della Cooperazione Italiana e di altre ONG\u201d , aggiunge.<\/p>\n<p>\u201cIl governo italiano continuer\u00e0, oltre al grande sforzo diplomatico, a seguire da vicino lo svilupparsi della situazione. Stiamo, infatti, gi\u00e0 intervenendo con la Cooperazione allo Sviluppo inviando aiuti alimentari e di emergenza negli ospedali di Tripoli, Bengasi, Ubarie e nel sud. Il documento firmato all\u2019unanimit\u00e0 ci lascia ben sperare che la strada intrapresa per il futuro della Libia sia quella giusta\u201d, conclude Amendola.<\/p>\n","protected":false},"excerpt":{"rendered":"Il Sottosegretario agli Esteri Vincenzo Amendola ha accolto con grande soddisfazione l\u2019accordo firmato dalla Comunit\u00e0 di Sant\u2019Egidio con esponenti del Fezzan, nel sud della Libia. &#8220;L\u2019accordo firmato a Roma \u00e8 l\u2019ennesimo tassello verso la stabilizzazione della Libia\u201d. \u00c8 quanto dichiara il sottosegretario agli Esteri, Vincenzo Amendola, che ieri ha incontrato alla Farnesina una delegazione di [&hellip;]","protected":false},"author":1,"featured_media":0,"comment_status":"","ping_status":"","sticky":false,"template":"","format":"standard","meta":{"footnotes":""},"categories":[1],"tags":[29,6,399],"class_list":["post-28621","post","type-post","status-publish","format-standard","hentry","category-comunicati","tag-cooperazione-sviluppo","tag-mediterraneo-e-medio-oriente","tag-vice-ministri-e-sottosegretari-precedenti"],"_links":{"self":[{"href":"https:\/\/www.esteri.it\/it\/wp-json\/wp\/v2\/posts\/28621","targetHints":{"allow":["GET"]}}],"collection":[{"href":"https:\/\/www.esteri.it\/it\/wp-json\/wp\/v2\/posts"}],"about":[{"href":"https:\/\/www.esteri.it\/it\/wp-json\/wp\/v2\/types\/post"}],"author":[{"embeddable":true,"href":"https:\/\/www.esteri.it\/it\/wp-json\/wp\/v2\/users\/1"}],"replies":[{"embeddable":true,"href":"https:\/\/www.esteri.it\/it\/wp-json\/wp\/v2\/comments?post=28621"}],"version-history":[{"count":0,"href":"https:\/\/www.esteri.it\/it\/wp-json\/wp\/v2\/posts\/28621\/revisions"}],"wp:attachment":[{"href":"https:\/\/www.esteri.it\/it\/wp-json\/wp\/v2\/media?parent=28621"}],"wp:term":[{"taxonomy":"category","embeddable":true,"href":"https:\/\/www.esteri.it\/it\/wp-json\/wp\/v2\/categories?post=28621"},{"taxonomy":"post_tag","embeddable":true,"href":"https:\/\/www.esteri.it\/it\/wp-json\/wp\/v2\/tags?post=28621"}],"curies":[{"name":"wp","href":"https:\/\/api.w.org\/{rel}","templated":true}]}}