{"id":28662,"date":"2015-12-23T23:22:11","date_gmt":"2015-12-23T22:22:11","guid":{"rendered":"https:\/\/www.esteri.it\/sala_stampa\/archivionotizie\/comunicati\/2015\/12\/risoluzione-consiglio-di-sicurezza\/"},"modified":"2015-12-23T23:22:11","modified_gmt":"2015-12-23T22:22:11","slug":"risoluzione-consiglio-di-sicurezza","status":"publish","type":"post","link":"https:\/\/www.esteri.it\/it\/sala_stampa\/archivionotizie\/comunicati\/2015\/12\/risoluzione-consiglio-di-sicurezza\/","title":{"rendered":"Risoluzione Consiglio di Sicurezza ONU su Libia &#8211; Gentiloni: passo decisivo verso la stabilizzazione della Libia. Soddisfazione per ruolo italiano"},"content":{"rendered":"<p>&#8220;La risoluzione del Consiglio di Sicurezza sulla Libia \u00e8 un importante passo verso la stabilizzazione del paese. \u00c8 una decisione alla quale l&#8217;Italia ha contribuito in modo determinante con il lavoro di questi mesi culminato nel vertice di Roma del 13 dicembre. Proprio la dichiarazione comune di Roma \u00e8 infatti la base della Risoluzione adottata questa sera a New York&#8221;, cosi il Ministro degli Affari Esteri Paolo Gentiloni. &#8220;Il Consiglio di Sicurezza sostiene il Governo di accordo nazionale stabilito dall&#8217;accordo politico firmato a Skhirat e riconoscendolo a nome dell&#8217;intera Comunit\u00e0 internazionale&#8221;, ha continuato Gentiloni. &#8220;La Risoluzione esorta tutti gli Stati a rispondere positivamente alle richieste di aiuto che verranno nei prossimi mesi dal governo legittimo libico&#8221;. &#8220;Le Nazioni Unite hanno fissato la cornice legale dentro cui potr\u00e0 dispiegarsi il sostegno internazionale alla stabilizzazione della Libia. Il nuovo Governo che, secondo gli accordi di Skhirat dovr\u00e0 essere varato dal Consiglio presidenziale nel mese di gennaio, indicher\u00e0 le necessit\u00e0 pi\u00f9 urgenti sul piano economico, umanitario e di sicurezza nell&#8217;interesse de popolo libico. Su questa base l&#8217;Italia e gli altri paesi firmatari della dichiarazione di Roma faranno la loro parte&#8221;, ha detto il Ministro. &#8220;Sono consapevole di quanto lunga e difficile resti la strada per raggiungere pace, sviluppo e stabilit\u00e0 in Libia. So che il consenso raggiunto con la firma di Skhirat va allargato e che nessun trionfalismo \u00e8 giustificato. Ma oggi non posso che esprimere &#8211; ha concluso il Ministro Gentiloni &#8211; la grande soddisfazione dell&#8217;Italia per il risultato raggiunto dallo sforzo diplomatico nostro e di tutti i maggiori paesi interessati&#8221;.<\/p>\n","protected":false},"excerpt":{"rendered":"&#8220;La risoluzione del Consiglio di Sicurezza sulla Libia \u00e8 un importante passo verso la stabilizzazione del paese. \u00c8 una decisione alla quale l&#8217;Italia ha contribuito in modo determinante con il lavoro di questi mesi culminato nel vertice di Roma del 13 dicembre. Proprio la dichiarazione comune di Roma \u00e8 infatti la base della Risoluzione adottata [&hellip;]","protected":false},"author":1,"featured_media":0,"comment_status":"","ping_status":"","sticky":false,"template":"","format":"standard","meta":{"footnotes":""},"categories":[1],"tags":[6,76,404],"class_list":["post-28662","post","type-post","status-publish","format-standard","hentry","category-comunicati","tag-mediterraneo-e-medio-oriente","tag-ministri-precedenti","tag-sicurezza"],"_links":{"self":[{"href":"https:\/\/www.esteri.it\/it\/wp-json\/wp\/v2\/posts\/28662","targetHints":{"allow":["GET"]}}],"collection":[{"href":"https:\/\/www.esteri.it\/it\/wp-json\/wp\/v2\/posts"}],"about":[{"href":"https:\/\/www.esteri.it\/it\/wp-json\/wp\/v2\/types\/post"}],"author":[{"embeddable":true,"href":"https:\/\/www.esteri.it\/it\/wp-json\/wp\/v2\/users\/1"}],"replies":[{"embeddable":true,"href":"https:\/\/www.esteri.it\/it\/wp-json\/wp\/v2\/comments?post=28662"}],"version-history":[{"count":0,"href":"https:\/\/www.esteri.it\/it\/wp-json\/wp\/v2\/posts\/28662\/revisions"}],"wp:attachment":[{"href":"https:\/\/www.esteri.it\/it\/wp-json\/wp\/v2\/media?parent=28662"}],"wp:term":[{"taxonomy":"category","embeddable":true,"href":"https:\/\/www.esteri.it\/it\/wp-json\/wp\/v2\/categories?post=28662"},{"taxonomy":"post_tag","embeddable":true,"href":"https:\/\/www.esteri.it\/it\/wp-json\/wp\/v2\/tags?post=28662"}],"curies":[{"name":"wp","href":"https:\/\/api.w.org\/{rel}","templated":true}]}}