{"id":2930,"date":"2019-04-05T10:32:15","date_gmt":"2019-04-05T08:32:15","guid":{"rendered":"https:\/\/www.esteri.it\/sala_stampa\/archivionotizie\/comunicati\/2019\/04\/il-ministro-moavero-a-dinard-per-la-riunione-dei-ministri-degli-esteri-del-g-7\/"},"modified":"2019-04-05T10:32:15","modified_gmt":"2019-04-05T08:32:15","slug":"il-ministro-moavero-a-dinard-per-la-riunione-dei-ministri-degli-esteri-del-g-7","status":"publish","type":"post","link":"https:\/\/www.esteri.it\/it\/sala_stampa\/archivionotizie\/comunicati\/2019\/04\/il-ministro-moavero-a-dinard-per-la-riunione-dei-ministri-degli-esteri-del-g-7\/","title":{"rendered":"Il Ministro Moavero a Dinard per la riunione dei Ministri degli Esteri del G-7"},"content":{"rendered":"<p>Il Ministro degli Affari Esteri e della Cooperazione Internazionale, Enzo Moavero Milanesi, partecipa oggi e domani a Dinard, in Bretagna, alla Riunione dei Ministri degli Affari Esteri del G-7.<\/p>\n<p>Fra i temi all\u2019ordine del giorno, si segnalano: la difesa delle democrazie contro le ingerenze esterne; la sicurezza cibernetica; la sicurezza marittima; le operazioni di pace in Africa e la partecipazione delle donne ai processi di pace; il contrasto ai traffici illeciti e al terrorismo internazionale; le crisi internazionali.<\/p>\n<p>In riferimento a quest\u2019ultimo tema, i Ministri avranno modo di confrontarsi sulle questioni pi\u00f9 sensibili e di attualit\u00e0. A cominciare dagli sviluppi di queste ore in Libia, rispetto ai quali il Ministro Moavero proporr\u00e0 di adottare una posizione comune che aiuti a scongiurare l\u2019inasprirsi di conflitti militari e favorisca un\u2019evoluzione pacifica e costruttiva in armonia con gli sforzi dell\u2019ONU.<\/p>\n<p>Nel quadro del G-7 a\u00a0Dinard, verranno anche adottate svariate Dichiarazioni formali, in particolare:\u00a0su \u2018Donne Pace e Sicurezza\u2019, sulle questioni cibernetiche \u00a0e sull\u2019azione congiunta dei sette Stati al fine di combattere i traffici illeciti su scala internazionale. Al termine della due giorni di riunioni, \u00e8 altres\u00ec previsto un dettagliato Comunicato congiunto, che riassumer\u00e0 gli esiti\u00a0del lavoro dei Ministri.<\/p>\n","protected":false},"excerpt":{"rendered":"Il Ministro degli Affari Esteri e della Cooperazione Internazionale, Enzo Moavero Milanesi, partecipa oggi e domani a Dinard, in Bretagna, alla Riunione dei Ministri degli Affari Esteri del G-7. Fra i temi all\u2019ordine del giorno, si segnalano: la difesa delle democrazie contro le ingerenze esterne; la sicurezza cibernetica; la sicurezza marittima; le operazioni di pace [&hellip;]","protected":false},"author":1,"featured_media":0,"comment_status":"","ping_status":"","sticky":false,"template":"","format":"standard","meta":{"footnotes":""},"categories":[1],"tags":[407,6,76,26],"class_list":["post-2930","post","type-post","status-publish","format-standard","hentry","category-comunicati","tag-g7","tag-mediterraneo-e-medio-oriente","tag-ministri-precedenti","tag-onu"],"_links":{"self":[{"href":"https:\/\/www.esteri.it\/it\/wp-json\/wp\/v2\/posts\/2930","targetHints":{"allow":["GET"]}}],"collection":[{"href":"https:\/\/www.esteri.it\/it\/wp-json\/wp\/v2\/posts"}],"about":[{"href":"https:\/\/www.esteri.it\/it\/wp-json\/wp\/v2\/types\/post"}],"author":[{"embeddable":true,"href":"https:\/\/www.esteri.it\/it\/wp-json\/wp\/v2\/users\/1"}],"replies":[{"embeddable":true,"href":"https:\/\/www.esteri.it\/it\/wp-json\/wp\/v2\/comments?post=2930"}],"version-history":[{"count":0,"href":"https:\/\/www.esteri.it\/it\/wp-json\/wp\/v2\/posts\/2930\/revisions"}],"wp:attachment":[{"href":"https:\/\/www.esteri.it\/it\/wp-json\/wp\/v2\/media?parent=2930"}],"wp:term":[{"taxonomy":"category","embeddable":true,"href":"https:\/\/www.esteri.it\/it\/wp-json\/wp\/v2\/categories?post=2930"},{"taxonomy":"post_tag","embeddable":true,"href":"https:\/\/www.esteri.it\/it\/wp-json\/wp\/v2\/tags?post=2930"}],"curies":[{"name":"wp","href":"https:\/\/api.w.org\/{rel}","templated":true}]}}