{"id":2955,"date":"2019-03-27T18:46:56","date_gmt":"2019-03-27T17:46:56","guid":{"rendered":"https:\/\/www.esteri.it\/sala_stampa\/archivionotizie\/comunicati\/2019\/03\/incontro-del-sottosegretario-picchi-con-il-segretario-di-stato-del-ministero-degli-esteri-della-polonia\/"},"modified":"2019-03-27T18:46:56","modified_gmt":"2019-03-27T17:46:56","slug":"incontro-del-sottosegretario-picchi-con-il-segretario-di-stato-del-ministero-degli-esteri-della-polonia","status":"publish","type":"post","link":"https:\/\/www.esteri.it\/it\/sala_stampa\/archivionotizie\/comunicati\/2019\/03\/incontro-del-sottosegretario-picchi-con-il-segretario-di-stato-del-ministero-degli-esteri-della-polonia\/","title":{"rendered":"Incontro del Sottosegretario Picchi con il Segretario di Stato del Ministero degli Esteri della Polonia"},"content":{"rendered":"<p><img loading=\"lazy\" decoding=\"async\" src=\"https:\/\/www.esteri.it\/mae\/resource\/img\/2019\/03\/image000001.jpeg\" width=\"500\" height=\"511\" alt=\"image000001\" \/><\/p>\n<p>Il Sottosegretario di Stato agli Affari Esteri e alla Cooperazione Internazionale Guglielmo Picchi ha incontrato oggi alla Farnesina il Segretario di Stato del Ministero degli Esteri della Polonia, Szynskowski Vel Sek. Il colloquio ha consentito di ricordare l\u2019ottimo andamento dei rapporti bilaterali, sia sul piano politico che su quello economico e di passare in rassegna una serie di temi europei e internazionali, anche nell\u2019ambito della proficua collaborazione tra i due Paesi in seno all\u2019Unione Europea, alla NATO e all\u2019OSCE. Il Sottosegretario Picchi ha assicurato il sostegno dell\u2019Italia alla presidenza di turno polacca del processo di Berlino sui Balcani occidentali, condividendo la priorit\u00e0 attribuita alla stabilit\u00e0 della regione.<\/p>\n<p>Sul piano bilaterale, il Sottosegretario ha concordato con la controparte sulla necessit\u00e0 di rafforzare ulteriormente il dialogo politico, nonch\u00e9 le relazioni economiche e commerciali: gi\u00e0 oggi la Polonia rappresenta il nono mercato di destinazione dell\u2019export italiano, mentre l\u2019Italia \u00e8 il quinto fornitore e quinto cliente della Polonia a livello globale. Al riguardo, il Sottosegretario ha segnalato al suo interlocutore specifiche criticit\u00e0 incontrate da alcune delle imprese italiane operanti nel Paese, auspicandone il superamento.<\/p>\n","protected":false},"excerpt":{"rendered":"Il Sottosegretario di Stato agli Affari Esteri e alla Cooperazione Internazionale Guglielmo Picchi ha incontrato oggi alla Farnesina il Segretario di Stato del Ministero degli Esteri della Polonia, Szynskowski Vel Sek. Il colloquio ha consentito di ricordare l\u2019ottimo andamento dei rapporti bilaterali, sia sul piano politico che su quello economico e di passare in rassegna [&hellip;]","protected":false},"author":1,"featured_media":0,"comment_status":"","ping_status":"","sticky":false,"template":"","format":"standard","meta":{"footnotes":""},"categories":[1],"tags":[9,399],"class_list":["post-2955","post","type-post","status-publish","format-standard","hentry","category-comunicati","tag-europa","tag-vice-ministri-e-sottosegretari-precedenti"],"_links":{"self":[{"href":"https:\/\/www.esteri.it\/it\/wp-json\/wp\/v2\/posts\/2955","targetHints":{"allow":["GET"]}}],"collection":[{"href":"https:\/\/www.esteri.it\/it\/wp-json\/wp\/v2\/posts"}],"about":[{"href":"https:\/\/www.esteri.it\/it\/wp-json\/wp\/v2\/types\/post"}],"author":[{"embeddable":true,"href":"https:\/\/www.esteri.it\/it\/wp-json\/wp\/v2\/users\/1"}],"replies":[{"embeddable":true,"href":"https:\/\/www.esteri.it\/it\/wp-json\/wp\/v2\/comments?post=2955"}],"version-history":[{"count":0,"href":"https:\/\/www.esteri.it\/it\/wp-json\/wp\/v2\/posts\/2955\/revisions"}],"wp:attachment":[{"href":"https:\/\/www.esteri.it\/it\/wp-json\/wp\/v2\/media?parent=2955"}],"wp:term":[{"taxonomy":"category","embeddable":true,"href":"https:\/\/www.esteri.it\/it\/wp-json\/wp\/v2\/categories?post=2955"},{"taxonomy":"post_tag","embeddable":true,"href":"https:\/\/www.esteri.it\/it\/wp-json\/wp\/v2\/tags?post=2955"}],"curies":[{"name":"wp","href":"https:\/\/api.w.org\/{rel}","templated":true}]}}