{"id":3140,"date":"2018-11-27T19:37:58","date_gmt":"2018-11-27T18:37:58","guid":{"rendered":"https:\/\/www.esteri.it\/sala_stampa\/archivionotizie\/comunicati\/2018\/11\/riunione-del-signor-ministro-con-il-segretario-generale-dell-osce-ambasciatore-thomas-greminger\/"},"modified":"2018-11-27T19:37:58","modified_gmt":"2018-11-27T18:37:58","slug":"riunione-del-signor-ministro-con-il-segretario-generale-dell-osce-ambasciatore-thomas-greminger","status":"publish","type":"post","link":"https:\/\/www.esteri.it\/it\/sala_stampa\/archivionotizie\/comunicati\/2018\/11\/riunione-del-signor-ministro-con-il-segretario-generale-dell-osce-ambasciatore-thomas-greminger\/","title":{"rendered":"Riunione del Ministro con il Segretario Generale dell\u2019OSCE, Ambasciatore Thomas Greminger"},"content":{"rendered":"<p><img loading=\"lazy\" decoding=\"async\" src=\"https:\/\/www.esteri.it\/mae\/resource\/img\/2018\/11\/bt02.jpg\" width=\"600\" height=\"446\" alt=\"bt02\" style=\"display: block; margin-left: auto; margin-right: auto;\" \/><\/p>\n<p>Nel quadro della preparazione della Conferenza ministeriale dell\u2019Organizzazione per la Sicurezza e la Cooperazione in Europa (OSCE) che vedr\u00e0 riuniti a Milano, i prossimi 6 e 7 dicembre, i Ministri dei 57 Stati Partecipanti all\u2019Organizzazione, il Ministro degli Affari Esteri e della Cooperazione Internazionale Enzo Moavero Milanesi &#8211; attuale Presidente in esercizio &#8211; ha ricevuto oggi alla Farnesina il Segretario Generale dell\u2019OSCE, Ambasciatore Thomas Greminger.<\/p>\n<p>Il Ministro Moavero e il Segretario Generale Greminger hanno avuto un approfondito scambio di vedute sulla preparazione, le priorit\u00e0 e gli obiettivi della ministeriale di Milano. Il Ministro ha in particolare sottolineato l\u2019esigenza di tenere in evidenza, nel corso del dibattito fra i Ministri, le opportunit\u00e0 provenienti dal rafforzamento del dialogo e della collaborazione con i Paesi della sponda sud del Mediterraneo. La sicurezza del bacino mediterraneo \u00e8, infatti, per l\u2019OSCE altrettanto importante, oltre che complementare, rispetto alla sicurezza della vasta regione, \u201cda Vancouver a Vladivostok\u201d,\u00a0coperta dall\u2019Organizzazione. Ci si \u00e8 anche soffermati sul valore aggiunto che l\u2019Organizzazione offre, non solo nella gestione delle situazioni di crisi, ma anche nel rafforzare in maniera positiva la cooperazione tra gli Stati OSCE in ambiti significativi quali la lotta alla corruzione, il contrasto ai traffici illeciti, incluso quello di beni culturali che mina l\u2019identit\u00e0 stessa delle nostre comunit\u00e0, nonch\u00e9 le opportunit\u00e0 legate alla trasformazione digitale dei sistemi economici e allo sviluppo del capitale umano.<\/p>\n","protected":false},"excerpt":{"rendered":"Nel quadro della preparazione della Conferenza ministeriale dell\u2019Organizzazione per la Sicurezza e la Cooperazione in Europa (OSCE) che vedr\u00e0 riuniti a Milano, i prossimi 6 e 7 dicembre, i Ministri dei 57 Stati Partecipanti all\u2019Organizzazione, il Ministro degli Affari Esteri e della Cooperazione Internazionale Enzo Moavero Milanesi &#8211; attuale Presidente in esercizio &#8211; ha ricevuto [&hellip;]","protected":false},"author":1,"featured_media":0,"comment_status":"","ping_status":"","sticky":false,"template":"","format":"standard","meta":{"footnotes":""},"categories":[1],"tags":[76,47],"class_list":["post-3140","post","type-post","status-publish","format-standard","hentry","category-comunicati","tag-ministri-precedenti","tag-osce"],"_links":{"self":[{"href":"https:\/\/www.esteri.it\/it\/wp-json\/wp\/v2\/posts\/3140","targetHints":{"allow":["GET"]}}],"collection":[{"href":"https:\/\/www.esteri.it\/it\/wp-json\/wp\/v2\/posts"}],"about":[{"href":"https:\/\/www.esteri.it\/it\/wp-json\/wp\/v2\/types\/post"}],"author":[{"embeddable":true,"href":"https:\/\/www.esteri.it\/it\/wp-json\/wp\/v2\/users\/1"}],"replies":[{"embeddable":true,"href":"https:\/\/www.esteri.it\/it\/wp-json\/wp\/v2\/comments?post=3140"}],"version-history":[{"count":0,"href":"https:\/\/www.esteri.it\/it\/wp-json\/wp\/v2\/posts\/3140\/revisions"}],"wp:attachment":[{"href":"https:\/\/www.esteri.it\/it\/wp-json\/wp\/v2\/media?parent=3140"}],"wp:term":[{"taxonomy":"category","embeddable":true,"href":"https:\/\/www.esteri.it\/it\/wp-json\/wp\/v2\/categories?post=3140"},{"taxonomy":"post_tag","embeddable":true,"href":"https:\/\/www.esteri.it\/it\/wp-json\/wp\/v2\/tags?post=3140"}],"curies":[{"name":"wp","href":"https:\/\/api.w.org\/{rel}","templated":true}]}}