{"id":3280,"date":"2018-10-15T15:15:55","date_gmt":"2018-10-15T13:15:55","guid":{"rendered":"https:\/\/www.esteri.it\/sala_stampa\/archivionotizie\/comunicati\/2018\/10\/possibile-ingresso-di-un-furgone-della-gendarmeria-francese-a-claviere\/"},"modified":"2018-10-15T15:15:55","modified_gmt":"2018-10-15T13:15:55","slug":"possibile-ingresso-di-un-furgone-della-gendarmeria-francese-a-claviere","status":"publish","type":"post","link":"https:\/\/www.esteri.it\/it\/sala_stampa\/archivionotizie\/comunicati\/2018\/10\/possibile-ingresso-di-un-furgone-della-gendarmeria-francese-a-claviere\/","title":{"rendered":"Possibile ingresso di un furgone della Gendarmeria francese a Clavi\u00e8re"},"content":{"rendered":"<p>Con riferimento al possibile ingresso di un furgone della Gendarmeria francese a Clavi\u00e8re, in Piemonte, da cui sarebbero scese due persone in una zona boschiva, la Farnesina informa di essersi immediatamente attivata con l\u2019Ambasciatore di Francia in Italia per chiedere chiarimenti al riguardo. Un analogo passo formale, al fine di chiarire i termini precisi dell\u2019accaduto, \u00e8 in corso da parte del nostro Ambasciatore a Parigi con le competenti autorit\u00e0 francesi. Appena stabilita la realt\u00e0 dei fatti, la Farnesina ne dar\u00e0 completa informazione pubblica.<\/p>\n","protected":false},"excerpt":{"rendered":"Con riferimento al possibile ingresso di un furgone della Gendarmeria francese a Clavi\u00e8re, in Piemonte, da cui sarebbero scese due persone in una zona boschiva, la Farnesina informa di essersi immediatamente attivata con l\u2019Ambasciatore di Francia in Italia per chiedere chiarimenti al riguardo. Un analogo passo formale, al fine di chiarire i termini precisi dell\u2019accaduto, [&hellip;]","protected":false},"author":1,"featured_media":0,"comment_status":"","ping_status":"","sticky":false,"template":"","format":"standard","meta":{"footnotes":""},"categories":[1],"tags":[25],"class_list":["post-3280","post","type-post","status-publish","format-standard","hentry","category-comunicati","tag-farnesina"],"_links":{"self":[{"href":"https:\/\/www.esteri.it\/it\/wp-json\/wp\/v2\/posts\/3280","targetHints":{"allow":["GET"]}}],"collection":[{"href":"https:\/\/www.esteri.it\/it\/wp-json\/wp\/v2\/posts"}],"about":[{"href":"https:\/\/www.esteri.it\/it\/wp-json\/wp\/v2\/types\/post"}],"author":[{"embeddable":true,"href":"https:\/\/www.esteri.it\/it\/wp-json\/wp\/v2\/users\/1"}],"replies":[{"embeddable":true,"href":"https:\/\/www.esteri.it\/it\/wp-json\/wp\/v2\/comments?post=3280"}],"version-history":[{"count":0,"href":"https:\/\/www.esteri.it\/it\/wp-json\/wp\/v2\/posts\/3280\/revisions"}],"wp:attachment":[{"href":"https:\/\/www.esteri.it\/it\/wp-json\/wp\/v2\/media?parent=3280"}],"wp:term":[{"taxonomy":"category","embeddable":true,"href":"https:\/\/www.esteri.it\/it\/wp-json\/wp\/v2\/categories?post=3280"},{"taxonomy":"post_tag","embeddable":true,"href":"https:\/\/www.esteri.it\/it\/wp-json\/wp\/v2\/tags?post=3280"}],"curies":[{"name":"wp","href":"https:\/\/api.w.org\/{rel}","templated":true}]}}