{"id":3358,"date":"2018-09-19T08:18:12","date_gmt":"2018-09-19T06:18:12","guid":{"rendered":"https:\/\/www.esteri.it\/sala_stampa\/archivionotizie\/comunicati\/2018\/09\/ragazza-pakistana-trattenuta-in-patria\/"},"modified":"2018-09-19T08:18:12","modified_gmt":"2018-09-19T06:18:12","slug":"ragazza-pakistana-trattenuta-in-patria","status":"publish","type":"post","link":"https:\/\/www.esteri.it\/it\/sala_stampa\/archivionotizie\/comunicati\/2018\/09\/ragazza-pakistana-trattenuta-in-patria\/","title":{"rendered":"Ragazza pakistana trattenuta in patria"},"content":{"rendered":"<p>Il Ministro degli Esteri, Enzo Moavero Milanesi, segue da vicino la vicenda della ragazza pakistana trattenuta in patria dalla famiglia contro la sua volont\u00e0. In considerazione della gravit\u00e0 di ci\u00f2 che la giovane ha denunciato, la Farnesina sta acquisendo presso la Questura competente ogni utile elemento per verificare i fatti, al fine di \u00a0valutare le modalit\u00e0 pi\u00f9 appropriate per possibili interventi a tutela dei suoi diritti.<\/p>\n","protected":false},"excerpt":{"rendered":"Il Ministro degli Esteri, Enzo Moavero Milanesi, segue da vicino la vicenda della ragazza pakistana trattenuta in patria dalla famiglia contro la sua volont\u00e0. In considerazione della gravit\u00e0 di ci\u00f2 che la giovane ha denunciato, la Farnesina sta acquisendo presso la Questura competente ogni utile elemento per verificare i fatti, al fine di \u00a0valutare le [&hellip;]","protected":false},"author":1,"featured_media":0,"comment_status":"","ping_status":"","sticky":false,"template":"","format":"standard","meta":{"footnotes":""},"categories":[1],"tags":[45],"class_list":["post-3358","post","type-post","status-publish","format-standard","hentry","category-comunicati","tag-asia-e-oceania"],"_links":{"self":[{"href":"https:\/\/www.esteri.it\/it\/wp-json\/wp\/v2\/posts\/3358","targetHints":{"allow":["GET"]}}],"collection":[{"href":"https:\/\/www.esteri.it\/it\/wp-json\/wp\/v2\/posts"}],"about":[{"href":"https:\/\/www.esteri.it\/it\/wp-json\/wp\/v2\/types\/post"}],"author":[{"embeddable":true,"href":"https:\/\/www.esteri.it\/it\/wp-json\/wp\/v2\/users\/1"}],"replies":[{"embeddable":true,"href":"https:\/\/www.esteri.it\/it\/wp-json\/wp\/v2\/comments?post=3358"}],"version-history":[{"count":0,"href":"https:\/\/www.esteri.it\/it\/wp-json\/wp\/v2\/posts\/3358\/revisions"}],"wp:attachment":[{"href":"https:\/\/www.esteri.it\/it\/wp-json\/wp\/v2\/media?parent=3358"}],"wp:term":[{"taxonomy":"category","embeddable":true,"href":"https:\/\/www.esteri.it\/it\/wp-json\/wp\/v2\/categories?post=3358"},{"taxonomy":"post_tag","embeddable":true,"href":"https:\/\/www.esteri.it\/it\/wp-json\/wp\/v2\/tags?post=3358"}],"curies":[{"name":"wp","href":"https:\/\/api.w.org\/{rel}","templated":true}]}}