{"id":3369,"date":"2018-09-13T19:27:56","date_gmt":"2018-09-13T17:27:56","guid":{"rendered":"https:\/\/www.esteri.it\/sala_stampa\/archivionotizie\/comunicati\/2018\/09\/incontro-del-sottosegretario-di-stefano-con-una-delegazione-istituzionale-e-imprenditoriale-della-prefettura-di-osaka\/"},"modified":"2018-09-13T19:27:56","modified_gmt":"2018-09-13T17:27:56","slug":"incontro-del-sottosegretario-di-stefano-con-una-delegazione-istituzionale-e-imprenditoriale-della-prefettura-di-osaka","status":"publish","type":"post","link":"https:\/\/www.esteri.it\/it\/sala_stampa\/archivionotizie\/comunicati\/2018\/09\/incontro-del-sottosegretario-di-stefano-con-una-delegazione-istituzionale-e-imprenditoriale-della-prefettura-di-osaka\/","title":{"rendered":"Riunione del Sottosegretario Di Stefano con una delegazione istituzionale e imprenditoriale della Prefettura di Osaka"},"content":{"rendered":"<p>Il Sottosegretario agli Affari Esteri e alla Cooperazione Internazionale, Manlio Di Stefano, ha ricevuto alla Farnesina una delegazione istituzionale e imprenditoriale della Prefettura di Osaka, guidata dal Governatore Ichiro Matsui. La Prefettura di Osaka rappresenta una delle realt\u00e0 pi\u00f9 dinamiche e attrattive del Giappone, in particolare nei settori economici pi\u00f9 avanzati, della ricerca e dell\u2019innovazione tecnologica. L\u2019incontro ha dato la possibilit\u00e0 di ribadire l\u2019importanza che l\u2019Italia attribuisce alle relazioni politiche ed economiche con il Giappone, che attraversano una fase particolarmente positiva.<\/p>\n<p>Il Governo italiano &#8211; ha sottolineato il Sottosegretario Di Stefano al\u00a0 Governatore &#8211; incoraggia l\u2019incremento della presenza economica italiana e sostiene l\u2019interesse delle nostre aziende ad intraprendere investimenti nella sua area di competenza: l\u2019Italia confida di rafforzare il partenariato economico bilaterale e intende altres\u00ec promuovere gli investimenti giapponesi in Italia. Il Sottosegretario ha infine ricordato che a novembre avr\u00e0 luogo ad Osaka la terza sessione annuale della pi\u00f9 importante manifestazione della promozione del sistema Italia in Giappone: \u201dItalia Amore Mio\u201d.<\/p>\n","protected":false},"excerpt":{"rendered":"Il Sottosegretario agli Affari Esteri e alla Cooperazione Internazionale, Manlio Di Stefano, ha ricevuto alla Farnesina una delegazione istituzionale e imprenditoriale della Prefettura di Osaka, guidata dal Governatore Ichiro Matsui. La Prefettura di Osaka rappresenta una delle realt\u00e0 pi\u00f9 dinamiche e attrattive del Giappone, in particolare nei settori economici pi\u00f9 avanzati, della ricerca e dell\u2019innovazione [&hellip;]","protected":false},"author":1,"featured_media":0,"comment_status":"","ping_status":"","sticky":false,"template":"","format":"standard","meta":{"footnotes":""},"categories":[1],"tags":[45,399],"class_list":["post-3369","post","type-post","status-publish","format-standard","hentry","category-comunicati","tag-asia-e-oceania","tag-vice-ministri-e-sottosegretari-precedenti"],"_links":{"self":[{"href":"https:\/\/www.esteri.it\/it\/wp-json\/wp\/v2\/posts\/3369","targetHints":{"allow":["GET"]}}],"collection":[{"href":"https:\/\/www.esteri.it\/it\/wp-json\/wp\/v2\/posts"}],"about":[{"href":"https:\/\/www.esteri.it\/it\/wp-json\/wp\/v2\/types\/post"}],"author":[{"embeddable":true,"href":"https:\/\/www.esteri.it\/it\/wp-json\/wp\/v2\/users\/1"}],"replies":[{"embeddable":true,"href":"https:\/\/www.esteri.it\/it\/wp-json\/wp\/v2\/comments?post=3369"}],"version-history":[{"count":0,"href":"https:\/\/www.esteri.it\/it\/wp-json\/wp\/v2\/posts\/3369\/revisions"}],"wp:attachment":[{"href":"https:\/\/www.esteri.it\/it\/wp-json\/wp\/v2\/media?parent=3369"}],"wp:term":[{"taxonomy":"category","embeddable":true,"href":"https:\/\/www.esteri.it\/it\/wp-json\/wp\/v2\/categories?post=3369"},{"taxonomy":"post_tag","embeddable":true,"href":"https:\/\/www.esteri.it\/it\/wp-json\/wp\/v2\/tags?post=3369"}],"curies":[{"name":"wp","href":"https:\/\/api.w.org\/{rel}","templated":true}]}}