{"id":3378,"date":"2018-09-11T17:06:28","date_gmt":"2018-09-11T15:06:28","guid":{"rendered":"https:\/\/www.esteri.it\/sala_stampa\/archivionotizie\/comunicati\/2018\/09\/guatemala_0\/"},"modified":"2018-09-11T17:06:28","modified_gmt":"2018-09-11T15:06:28","slug":"guatemala_0","status":"publish","type":"post","link":"https:\/\/www.esteri.it\/it\/sala_stampa\/archivionotizie\/comunicati\/2018\/09\/guatemala_0\/","title":{"rendered":"Guatemala"},"content":{"rendered":"<p>Il Ministero degli Affari Esteri e della Cooperazione Internazionale ha appreso con rammarico la decisione del Governo del Guatemala di non chiedere il rinnovo del mandato della Commissione Internazionale Contro l\u2019Impunit\u00e0 in Guatemala (CICIG), che giunger\u00e0 pertanto a scadenza definitiva a settembre del 2019, nonch\u00e9 di impedire, per ragioni di pubblica sicurezza, il rientro nel Paese dell\u2019attuale responsabile della CICIG, Iv\u00e0n Vel\u00e0squez.<\/p>\n<p>La CICIG ha rappresentato, sin dalla sua creazione, un importante presidio di legalit\u00e0, grazie ad una collaborazione efficace con le competenti Istituzioni guatemalteche e al sostegno di molti Stati amici \u2013 compresa l\u2019Italia &#8211; attraverso le Nazioni Unite.<\/p>\n<p>Nell\u2019auspicare una revisione delle posizioni assunte nei confronti della CICIG, il Ministero degli Affari Esteri e della Cooperazione Internazionale conferma la disponibilit\u00e0 dell\u2019Italia a proseguire a tal fine la collaborazione con il Governo del Guatemala.<\/p>\n","protected":false},"excerpt":{"rendered":"Il Ministero degli Affari Esteri e della Cooperazione Internazionale ha appreso con rammarico la decisione del Governo del Guatemala di non chiedere il rinnovo del mandato della Commissione Internazionale Contro l\u2019Impunit\u00e0 in Guatemala (CICIG), che giunger\u00e0 pertanto a scadenza definitiva a settembre del 2019, nonch\u00e9 di impedire, per ragioni di pubblica sicurezza, il rientro nel [&hellip;]","protected":false},"author":1,"featured_media":0,"comment_status":"","ping_status":"","sticky":false,"template":"","format":"standard","meta":{"footnotes":""},"categories":[1],"tags":[398,26],"class_list":["post-3378","post","type-post","status-publish","format-standard","hentry","category-comunicati","tag-america-latina-e-caraibi","tag-onu"],"_links":{"self":[{"href":"https:\/\/www.esteri.it\/it\/wp-json\/wp\/v2\/posts\/3378","targetHints":{"allow":["GET"]}}],"collection":[{"href":"https:\/\/www.esteri.it\/it\/wp-json\/wp\/v2\/posts"}],"about":[{"href":"https:\/\/www.esteri.it\/it\/wp-json\/wp\/v2\/types\/post"}],"author":[{"embeddable":true,"href":"https:\/\/www.esteri.it\/it\/wp-json\/wp\/v2\/users\/1"}],"replies":[{"embeddable":true,"href":"https:\/\/www.esteri.it\/it\/wp-json\/wp\/v2\/comments?post=3378"}],"version-history":[{"count":0,"href":"https:\/\/www.esteri.it\/it\/wp-json\/wp\/v2\/posts\/3378\/revisions"}],"wp:attachment":[{"href":"https:\/\/www.esteri.it\/it\/wp-json\/wp\/v2\/media?parent=3378"}],"wp:term":[{"taxonomy":"category","embeddable":true,"href":"https:\/\/www.esteri.it\/it\/wp-json\/wp\/v2\/categories?post=3378"},{"taxonomy":"post_tag","embeddable":true,"href":"https:\/\/www.esteri.it\/it\/wp-json\/wp\/v2\/tags?post=3378"}],"curies":[{"name":"wp","href":"https:\/\/api.w.org\/{rel}","templated":true}]}}