{"id":3380,"date":"2018-09-11T11:17:53","date_gmt":"2018-09-11T09:17:53","guid":{"rendered":"https:\/\/www.esteri.it\/sala_stampa\/archivionotizie\/comunicati\/2018\/09\/nota-sulle-dichiarazioni-dell-alto-commissario-delle-nazioni-unite-per-i-diritti-umani-michelle-bachelet\/"},"modified":"2018-09-11T11:17:53","modified_gmt":"2018-09-11T09:17:53","slug":"nota-sulle-dichiarazioni-dell-alto-commissario-delle-nazioni-unite-per-i-diritti-umani-michelle-bachelet","status":"publish","type":"post","link":"https:\/\/www.esteri.it\/it\/sala_stampa\/archivionotizie\/comunicati\/2018\/09\/nota-sulle-dichiarazioni-dell-alto-commissario-delle-nazioni-unite-per-i-diritti-umani-michelle-bachelet\/","title":{"rendered":"Nota sulle dichiarazioni dell\u2019Alto Commissario delle Nazioni Unite per i diritti umani, Michelle Bachelet"},"content":{"rendered":"<p>A fronte delle dichiarazioni dell&#8217;Alto Commmissario delle Nazioni Unite per i Diritti Umani, la Farnesina rileva quanto segue: l&#8217; Italia ritiene inappropriate, infondate e ingiuste le dichiarazioni odierne dell\u2019Alto Commissario delle Nazioni Unite per i diritti umani, Michelle Bachelet, relative a presunte inadempienze italiane in materia di rispetto dei diritti umani dei migranti.<\/p>\n<p>Da anni, l\u2019Italia \u00e8 impegnata in operazioni di soccorso e salvataggio di persone nel Mar Mediterraneo, cui hanno fatto e fanno seguito onerose e complesse politiche di prima accoglienza nel territorio nazionale. Di queste operazioni, l\u2019Italia ha assunto il costo prevalente, in termini di impiego di risorse umane, mezzi, finanze e soprattutto, impatto sociale e percezione del medesimo.\u00a0<\/p>\n<p>Inoltre, l\u2019Italia ha assicurato azioni concrete di sostegno ai Paesi di origine e di transito dei migranti, con progetti di cooperazione e di assistenza in svariati settori: dal controllo delle frontiere alla formazione, all\u2019istruzione, alla sicurezza, all\u2019emergenza sanitaria e alimentare, al miglioramento delle condizioni di vita nei campi di accoglienza. Vasti strati della societ\u00e0 civile italiana sono stati e sono impegnati in svariate iniziative, caratterizzate da un approccio di aiuto ai migranti e rivolte alla tutela dei diritti e degli interessi di coloro che intraprendono viaggi terribili e restano vittime di sfruttatori e trafficanti di esseri umani con la speranza di una vita migliore, lontana da guerre, distruzione, povert\u00e0 e carestie.<\/p>\n<p>L\u2019Italia ha sollecitato le organizzazioni internazionali delle quali fa parte a condividere lo sforzo in uno spirito di equa e concreta solidariet\u00e0. Pi\u00f9 volte, la tragedia delle migrazioni e il suo impatto in Europa \u00e8 stata portata all\u2019attenzione dell\u2019Unione Europea, poich\u00e9 pensiamo che dovrebbe attivarsi con ben pi\u00f9 efficacia e reale condivisione di quanto abbia fatto sinora.<\/p>\n<p>\u00a0Anche le Nazioni Unite, sono state sensibilizzate: in particolare, abbiamo contribuito a portare il prioritario tema delle migrazioni nel dibattito dell\u2019Assemblea Generale dell\u2019ONU. Abbiamo tentato di spingere le Agenzie specializzate delle Nazioni Unite \u2013 UNHCR, OIM innanzitutto \u2013 a intensificare la loro mobilitazione e a rendere pi\u00f9 efficiente, sistematica e capillare la loro doverosa presenza e opera nei Paesi d\u2019origine dei migranti, in quelli limitrofi, in quelli di transito e infine, in quelli dai quali i migranti arrivano in Europa. L\u2019Italia \u00e8 pronta a confrontarsi sui reali risultati dell\u2019azione ONU e sul suo effettivo impatto in proporzione alla magnitudo degli epocali flussi migratori.<\/p>\n<p>Qualche dato pu\u00f2 &#8211; forse &#8211; aiutare la neo-insediata Alto Commissario a comprendere meglio. L\u2019Italia ha salvato decine di migliaia di persone nel Mediterraneo, spesso da sola, come \u00e8 stato pi\u00f9 volte riconosciuto, fra l\u2019altro ai pi\u00f9 alti livelli dell\u2019Unione Europea. Grazie al nostro contributo decisivo, si riscontra una riduzione del 52% delle vittime di naufragi nel Mediterraneo, dall\u2019inizio del 2018, rispetto allo stesso periodo del 2017. Ne siamo orgogliosi. E siamo fieri che i nostri sforzi \u2013 umanitari, politici, diplomatici, finanziari, materiali \u2013 abbiano determinato la contrazione dell\u201980% degli sbarchi di migranti sulle coste italiane e dunque, europee, negli ultimi 12 mesi.<\/p>\n","protected":false},"excerpt":{"rendered":"A fronte delle dichiarazioni dell&#8217;Alto Commmissario delle Nazioni Unite per i Diritti Umani, la Farnesina rileva quanto segue: l&#8217; Italia ritiene inappropriate, infondate e ingiuste le dichiarazioni odierne dell\u2019Alto Commissario delle Nazioni Unite per i diritti umani, Michelle Bachelet, relative a presunte inadempienze italiane in materia di rispetto dei diritti umani dei migranti. Da anni, [&hellip;]","protected":false},"author":1,"featured_media":0,"comment_status":"","ping_status":"","sticky":false,"template":"","format":"standard","meta":{"footnotes":""},"categories":[1],"tags":[43,26],"class_list":["post-3380","post","type-post","status-publish","format-standard","hentry","category-comunicati","tag-diritti-umani","tag-onu"],"_links":{"self":[{"href":"https:\/\/www.esteri.it\/it\/wp-json\/wp\/v2\/posts\/3380","targetHints":{"allow":["GET"]}}],"collection":[{"href":"https:\/\/www.esteri.it\/it\/wp-json\/wp\/v2\/posts"}],"about":[{"href":"https:\/\/www.esteri.it\/it\/wp-json\/wp\/v2\/types\/post"}],"author":[{"embeddable":true,"href":"https:\/\/www.esteri.it\/it\/wp-json\/wp\/v2\/users\/1"}],"replies":[{"embeddable":true,"href":"https:\/\/www.esteri.it\/it\/wp-json\/wp\/v2\/comments?post=3380"}],"version-history":[{"count":0,"href":"https:\/\/www.esteri.it\/it\/wp-json\/wp\/v2\/posts\/3380\/revisions"}],"wp:attachment":[{"href":"https:\/\/www.esteri.it\/it\/wp-json\/wp\/v2\/media?parent=3380"}],"wp:term":[{"taxonomy":"category","embeddable":true,"href":"https:\/\/www.esteri.it\/it\/wp-json\/wp\/v2\/categories?post=3380"},{"taxonomy":"post_tag","embeddable":true,"href":"https:\/\/www.esteri.it\/it\/wp-json\/wp\/v2\/tags?post=3380"}],"curies":[{"name":"wp","href":"https:\/\/api.w.org\/{rel}","templated":true}]}}