{"id":3382,"date":"2018-09-10T18:13:17","date_gmt":"2018-09-10T16:13:17","guid":{"rendered":"https:\/\/www.esteri.it\/sala_stampa\/archivionotizie\/comunicati\/2018\/09\/comunicato-congiunto-sul-villaggio-khan-al-ahmar\/"},"modified":"2018-09-10T18:13:17","modified_gmt":"2018-09-10T16:13:17","slug":"comunicato-congiunto-sul-villaggio-khan-al-ahmar","status":"publish","type":"post","link":"https:\/\/www.esteri.it\/it\/sala_stampa\/archivionotizie\/comunicati\/2018\/09\/comunicato-congiunto-sul-villaggio-khan-al-ahmar\/","title":{"rendered":"Comunicato congiunto sul villaggio Khan al-Ahmar"},"content":{"rendered":"<p>Francia, Germania, Italia, Spagna e Regno Unito hanno ripetutamente manifestato la loro preoccupazione per il villaggio di Khan al-Ahmar, sito in una zona sensibile dell\u2019Area C, di importanza strategica per preservare la contiguit\u00e0 del futuro Stato palestinese.<\/p>\n<p>Abbiamo preso atto della decisione adottata mercoled\u00ec scorso dalla Corte Suprema israeliana di rimettere alla discrezionalit\u00e0 del governo israeliano una demolizione di Khan al-Ahmar.<\/p>\n<p>Ci uniamo quindi all\u2019Alto Rappresentante e Vice Presidente Mogherini nel ribadire la nostra richiesta al governo israeliano di non procedere con il suo piano di demolizione del villaggio \u2013 inclusa la sua scuola \u2013 e di sfollare i suoi abitanti.<\/p>\n<p>Una demolizione e un sfollamento avrebbero conseguenze molto gravi sui residenti di questa comunit\u00e0, compresi i loro figli, cos\u00ec come sulle prospettive di una soluzione di due Stati.<\/p>\n","protected":false},"excerpt":{"rendered":"Francia, Germania, Italia, Spagna e Regno Unito hanno ripetutamente manifestato la loro preoccupazione per il villaggio di Khan al-Ahmar, sito in una zona sensibile dell\u2019Area C, di importanza strategica per preservare la contiguit\u00e0 del futuro Stato palestinese. Abbiamo preso atto della decisione adottata mercoled\u00ec scorso dalla Corte Suprema israeliana di rimettere alla discrezionalit\u00e0 del governo [&hellip;]","protected":false},"author":1,"featured_media":0,"comment_status":"","ping_status":"","sticky":false,"template":"","format":"standard","meta":{"footnotes":""},"categories":[1],"tags":[6],"class_list":["post-3382","post","type-post","status-publish","format-standard","hentry","category-comunicati","tag-mediterraneo-e-medio-oriente"],"_links":{"self":[{"href":"https:\/\/www.esteri.it\/it\/wp-json\/wp\/v2\/posts\/3382","targetHints":{"allow":["GET"]}}],"collection":[{"href":"https:\/\/www.esteri.it\/it\/wp-json\/wp\/v2\/posts"}],"about":[{"href":"https:\/\/www.esteri.it\/it\/wp-json\/wp\/v2\/types\/post"}],"author":[{"embeddable":true,"href":"https:\/\/www.esteri.it\/it\/wp-json\/wp\/v2\/users\/1"}],"replies":[{"embeddable":true,"href":"https:\/\/www.esteri.it\/it\/wp-json\/wp\/v2\/comments?post=3382"}],"version-history":[{"count":0,"href":"https:\/\/www.esteri.it\/it\/wp-json\/wp\/v2\/posts\/3382\/revisions"}],"wp:attachment":[{"href":"https:\/\/www.esteri.it\/it\/wp-json\/wp\/v2\/media?parent=3382"}],"wp:term":[{"taxonomy":"category","embeddable":true,"href":"https:\/\/www.esteri.it\/it\/wp-json\/wp\/v2\/categories?post=3382"},{"taxonomy":"post_tag","embeddable":true,"href":"https:\/\/www.esteri.it\/it\/wp-json\/wp\/v2\/tags?post=3382"}],"curies":[{"name":"wp","href":"https:\/\/api.w.org\/{rel}","templated":true}]}}