{"id":3392,"date":"2018-09-06T16:20:54","date_gmt":"2018-09-06T14:20:54","guid":{"rendered":"https:\/\/www.esteri.it\/sala_stampa\/archivionotizie\/comunicati\/2018\/09\/terza-riunione-annuale-del-comitato-congiunto-per-la-cooperazione-allo-sviluppo-intervento-della-vice-ministro-del-re\/"},"modified":"2018-09-06T16:20:54","modified_gmt":"2018-09-06T14:20:54","slug":"terza-riunione-annuale-del-comitato-congiunto-per-la-cooperazione-allo-sviluppo-intervento-della-vice-ministro-del-re","status":"publish","type":"post","link":"https:\/\/www.esteri.it\/it\/sala_stampa\/archivionotizie\/comunicati\/2018\/09\/terza-riunione-annuale-del-comitato-congiunto-per-la-cooperazione-allo-sviluppo-intervento-della-vice-ministro-del-re\/","title":{"rendered":"Terza riunione annuale del Comitato Congiunto per la Cooperazione allo Sviluppo: intervento della Vice Ministro Del Re"},"content":{"rendered":"<p>Nel suo intervento alla terza riunione annuale del Comitato Congiunto per la Cooperazione allo Sviluppo, la Vice\u00a0Ministra Emanuela Del Re ha sottolineato come il nostro Paese sia\u00a0un \u201cgigante\u201d della cooperazione allo sviluppo nel panorama internazionale. \u201cLe sfide cui la cooperazione allo sviluppo dovr\u00e0 fare fronte \u2013 ha voluto rimarcare la Vice Ministra &#8211; sono molteplici: lotta alla povert\u00e0, alle diseguaglianze, empowerment delle donne, diritti, pace e sicurezza, risposta alle crisi umanitarie, salute globale. Ci\u00f2 presuppone una pi\u00f9 efficace sincronizzazione tra indirizzi strategici, obiettivi e priorit\u00e0. Su questo stiamo gi\u00e0 lavorando\u201d.<\/p>\n<p>Nel sottolineare la particolare attenzione dedicata all\u2019Africa, \u201cil cui sviluppo \u00e8 strategico per il futuro dell\u2019Europa\u201d, la Vice Ministro ha inoltre \u00a0avuto modo di evidenziare l\u2019importanza del concetto di \u201csviluppo condiviso\u201d,\u00a0in base al quale \u201ccooperare vuol dire condividere percorsi di sviluppo reciprocamente vantaggiosi\u201d sulla base di strategie elaborate insieme ai beneficiari e come previsto dall\u2019agenda 2030.<\/p>\n<p>\u201cL\u2019Italia e gli Italiani &#8211; ha concluso la Vice Ministra &#8211; possiedono valori e sensibilit\u00e0 che possono arricchire il nostro modo di fare cooperazione. Ci\u00f2 costituisce un importante valore aggiunto del nostro aiuto pubblico allo sviluppo che ci impegneremo a diffondere e valorizzare al meglio\u201d.<\/p>\n","protected":false},"excerpt":{"rendered":"Nel suo intervento alla terza riunione annuale del Comitato Congiunto per la Cooperazione allo Sviluppo, la Vice\u00a0Ministra Emanuela Del Re ha sottolineato come il nostro Paese sia\u00a0un \u201cgigante\u201d della cooperazione allo sviluppo nel panorama internazionale. \u201cLe sfide cui la cooperazione allo sviluppo dovr\u00e0 fare fronte \u2013 ha voluto rimarcare la Vice Ministra &#8211; sono molteplici: [&hellip;]","protected":false},"author":1,"featured_media":0,"comment_status":"","ping_status":"","sticky":false,"template":"","format":"standard","meta":{"footnotes":""},"categories":[1],"tags":[29,399],"class_list":["post-3392","post","type-post","status-publish","format-standard","hentry","category-comunicati","tag-cooperazione-sviluppo","tag-vice-ministri-e-sottosegretari-precedenti"],"_links":{"self":[{"href":"https:\/\/www.esteri.it\/it\/wp-json\/wp\/v2\/posts\/3392","targetHints":{"allow":["GET"]}}],"collection":[{"href":"https:\/\/www.esteri.it\/it\/wp-json\/wp\/v2\/posts"}],"about":[{"href":"https:\/\/www.esteri.it\/it\/wp-json\/wp\/v2\/types\/post"}],"author":[{"embeddable":true,"href":"https:\/\/www.esteri.it\/it\/wp-json\/wp\/v2\/users\/1"}],"replies":[{"embeddable":true,"href":"https:\/\/www.esteri.it\/it\/wp-json\/wp\/v2\/comments?post=3392"}],"version-history":[{"count":0,"href":"https:\/\/www.esteri.it\/it\/wp-json\/wp\/v2\/posts\/3392\/revisions"}],"wp:attachment":[{"href":"https:\/\/www.esteri.it\/it\/wp-json\/wp\/v2\/media?parent=3392"}],"wp:term":[{"taxonomy":"category","embeddable":true,"href":"https:\/\/www.esteri.it\/it\/wp-json\/wp\/v2\/categories?post=3392"},{"taxonomy":"post_tag","embeddable":true,"href":"https:\/\/www.esteri.it\/it\/wp-json\/wp\/v2\/tags?post=3392"}],"curies":[{"name":"wp","href":"https:\/\/api.w.org\/{rel}","templated":true}]}}