{"id":3416,"date":"2018-08-31T18:32:35","date_gmt":"2018-08-31T16:32:35","guid":{"rendered":"https:\/\/www.esteri.it\/sala_stampa\/archivionotizie\/comunicati\/2018\/08\/ministro-moavero-milanesi-a-riunione-informale-ministri-degli-esteri-ue-gymnich\/"},"modified":"2018-08-31T18:32:35","modified_gmt":"2018-08-31T16:32:35","slug":"ministro-moavero-milanesi-a-riunione-informale-ministri-degli-esteri-ue-gymnich","status":"publish","type":"post","link":"https:\/\/www.esteri.it\/it\/sala_stampa\/archivionotizie\/comunicati\/2018\/08\/ministro-moavero-milanesi-a-riunione-informale-ministri-degli-esteri-ue-gymnich\/","title":{"rendered":"Ministro Moavero Milanesi a riunione informale Ministri degli Esteri UE (Gymnich)"},"content":{"rendered":"<p>Il Ministro Moavero Milanesi ha partecipato\u00a0 a Vienna alla riunione informale dei Ministri degli Esteri UE (Gymnich) dove, su richiesta italiana, si \u00e8 parlato \u00a0anche di migrazioni nel Mediterraneo.\u00a0<\/p>\n<p>Dell\u2019importante tema sono stati discussi vari profili. Oltre alle questioni specifiche relative alla Missione europea \u201cSophia\u201d, sono stati evocati la necessit\u00e0 di un maggiore\u00a0impegno europeo a sostegno dei Paesi\u00a0 di origine e di transito dei migranti e l\u2019imperativo di rendere sempre pi\u00f9 efficace il contrasto dei trafficanti di esseri umani. Elemento saliente della convergenza fra i ministri \u00e8 stata la conferma del principio di una pi\u00f9 equa condivisione degli oneri.<\/p>\n<p>Considerato il carattere informale della riunione \u00a0\u2013 come tutte le \u201cGymnich\u201d &#8211; \u00a0non erano immaginabili, ne previste, conclusioni o decisioni. C\u2019\u00e8 dunque stato un intenso e variegato scambio di vedute, in un clima di positiva e costruttiva convergenza.<\/p>\n<p>Le idee avanzate dall\u2019Italia sono considerate un contributo molto utile alla riflessione generale e hanno suscitato svariati consensi. Su queste l\u2019Italia proseguir\u00e0 la discussione, in stretto collegamento con gli altri Stati membri e con le istituzioni dell\u2019Unione.<\/p>\n<p>Il Ministro Moavero ha potuto constatare l\u2019unanime consapevolezza e l\u2019esplicito impegno dei suoi colleghi con riguardo alla necessit\u00e0 di pervenire in tempi brevi a soluzioni appropriate sugli elementi pi\u00f9 urgenti relativi alle migrazioni, imperniate sull\u2019equilibrio degli oneri e sulla loro ripartizione fra gli Stati membri dell&#8217;UE.\u00a0<\/p>\n<p>Il calendario dei prossimi, spediti lavori prevede riunioni: del COREPER; del COPS per definire la Missione \u2018Sophia\u2019; delle formazioni del\u00a0Consiglio UE Affari Interni, Difesa e Affari Esteri. Il tema sar\u00e0 verosimilmente trattato anche al vertice informale dei Capi di Stato e di governo del prossimo 20 settembre a Salisburgo.<\/p>\n<p>Per il consenso riscontrato e per la determinazione a trovare una valida soluzione, l\u2019esito \u00a0dell\u2019odierna riunione rappresenta una positiva novit\u00e0, specie se si considera la situazione esistente sino a pochissimi mesi fa.<\/p>\n","protected":false},"excerpt":{"rendered":"Il Ministro Moavero Milanesi ha partecipato\u00a0 a Vienna alla riunione informale dei Ministri degli Esteri UE (Gymnich) dove, su richiesta italiana, si \u00e8 parlato \u00a0anche di migrazioni nel Mediterraneo.\u00a0 Dell\u2019importante tema sono stati discussi vari profili. Oltre alle questioni specifiche relative alla Missione europea \u201cSophia\u201d, sono stati evocati la necessit\u00e0 di un maggiore\u00a0impegno europeo a [&hellip;]","protected":false},"author":1,"featured_media":0,"comment_status":"","ping_status":"","sticky":false,"template":"","format":"standard","meta":{"footnotes":""},"categories":[1],"tags":[9,6,76,47],"class_list":["post-3416","post","type-post","status-publish","format-standard","hentry","category-comunicati","tag-europa","tag-mediterraneo-e-medio-oriente","tag-ministri-precedenti","tag-osce"],"_links":{"self":[{"href":"https:\/\/www.esteri.it\/it\/wp-json\/wp\/v2\/posts\/3416","targetHints":{"allow":["GET"]}}],"collection":[{"href":"https:\/\/www.esteri.it\/it\/wp-json\/wp\/v2\/posts"}],"about":[{"href":"https:\/\/www.esteri.it\/it\/wp-json\/wp\/v2\/types\/post"}],"author":[{"embeddable":true,"href":"https:\/\/www.esteri.it\/it\/wp-json\/wp\/v2\/users\/1"}],"replies":[{"embeddable":true,"href":"https:\/\/www.esteri.it\/it\/wp-json\/wp\/v2\/comments?post=3416"}],"version-history":[{"count":0,"href":"https:\/\/www.esteri.it\/it\/wp-json\/wp\/v2\/posts\/3416\/revisions"}],"wp:attachment":[{"href":"https:\/\/www.esteri.it\/it\/wp-json\/wp\/v2\/media?parent=3416"}],"wp:term":[{"taxonomy":"category","embeddable":true,"href":"https:\/\/www.esteri.it\/it\/wp-json\/wp\/v2\/categories?post=3416"},{"taxonomy":"post_tag","embeddable":true,"href":"https:\/\/www.esteri.it\/it\/wp-json\/wp\/v2\/tags?post=3416"}],"curies":[{"name":"wp","href":"https:\/\/api.w.org\/{rel}","templated":true}]}}