{"id":3478,"date":"2018-06-26T16:37:08","date_gmt":"2018-06-26T14:37:08","guid":{"rendered":"https:\/\/www.esteri.it\/sala_stampa\/archivionotizie\/comunicati\/2018\/06\/vienna-il-sottosegretario-guglielmo-picchi-apre-la-conferenza-annuale-di-revisione-sulla-sicurezza-dell-osce\/"},"modified":"2018-06-26T16:37:08","modified_gmt":"2018-06-26T14:37:08","slug":"vienna-il-sottosegretario-guglielmo-picchi-apre-la-conferenza-annuale-di-revisione-sulla-sicurezza-dell-osce","status":"publish","type":"post","link":"https:\/\/www.esteri.it\/it\/sala_stampa\/archivionotizie\/comunicati\/2018\/06\/vienna-il-sottosegretario-guglielmo-picchi-apre-la-conferenza-annuale-di-revisione-sulla-sicurezza-dell-osce\/","title":{"rendered":"Vienna, il Sottosegretario Guglielmo Picchi apre la Conferenza Annuale di Revisione sulla Sicurezza dell\u2019OSCE"},"content":{"rendered":"<p>Il Sottosegretario agli Affari Esteri e alla Cooperazione Internazionale, on. Guglielmo Picchi, ha aperto oggi a Vienna la Conferenza Annuale di Revisione sulla Sicurezza dell\u2019OSCE, in rappresentanza del Ministro Moavero Milanesi, Presidente in esercizio dell\u2019Organizzazione per la Sicurezza e la Cooperazione in Europa.<\/p>\n<p>Nel suo intervento, il Sottosegretario ha sottolineato che essendo l\u2019OSCE la pi\u00f9 grande organizzazione regionale di sicurezza, occorre sfruttarne appieno le potenzialit\u00e0, con rinnovato senso di responsabilit\u00e0 e di ownership collettiva.<\/p>\n<p>Il Sottosegretario ha quindi ribadito come la risoluzione della crisi ucraina sia tra le priorit\u00e0 della Presidenza italiana ed ha chiesto un rinnovato impegno per migliorare la situazione sul terreno.<\/p>\n<p>Egli ha altres\u00ec sottolineato l\u2019importanza della collaborazione con i Paesi Partner dell\u2019OSCE,\u00a0 con particolare riferimento a quelli della sponda Sud del Mediterraneo \u201ccon cui siamo pronti a dialogare sulle molteplici sfide comuni, compresa quella di un\u2019ordinata gestione dei flussi migratori\u201d.<\/p>\n<p>A margine della Conferenza, il Sottosegretario ha incontrato il Segretario Generale dell\u2019OSCE, Thomas Greminger, il Capo della missione di monitoraggio speciale in Ucraina, Ertugrul Apakan e il Vice Ministro degli Esteri della Federazione Russa, Alexander Grushko.<\/p>\n","protected":false},"excerpt":{"rendered":"Il Sottosegretario agli Affari Esteri e alla Cooperazione Internazionale, on. Guglielmo Picchi, ha aperto oggi a Vienna la Conferenza Annuale di Revisione sulla Sicurezza dell\u2019OSCE, in rappresentanza del Ministro Moavero Milanesi, Presidente in esercizio dell\u2019Organizzazione per la Sicurezza e la Cooperazione in Europa. Nel suo intervento, il Sottosegretario ha sottolineato che essendo l\u2019OSCE la pi\u00f9 [&hellip;]","protected":false},"author":1,"featured_media":0,"comment_status":"","ping_status":"","sticky":false,"template":"","format":"standard","meta":{"footnotes":""},"categories":[1],"tags":[9,47],"class_list":["post-3478","post","type-post","status-publish","format-standard","hentry","category-comunicati","tag-europa","tag-osce"],"_links":{"self":[{"href":"https:\/\/www.esteri.it\/it\/wp-json\/wp\/v2\/posts\/3478","targetHints":{"allow":["GET"]}}],"collection":[{"href":"https:\/\/www.esteri.it\/it\/wp-json\/wp\/v2\/posts"}],"about":[{"href":"https:\/\/www.esteri.it\/it\/wp-json\/wp\/v2\/types\/post"}],"author":[{"embeddable":true,"href":"https:\/\/www.esteri.it\/it\/wp-json\/wp\/v2\/users\/1"}],"replies":[{"embeddable":true,"href":"https:\/\/www.esteri.it\/it\/wp-json\/wp\/v2\/comments?post=3478"}],"version-history":[{"count":0,"href":"https:\/\/www.esteri.it\/it\/wp-json\/wp\/v2\/posts\/3478\/revisions"}],"wp:attachment":[{"href":"https:\/\/www.esteri.it\/it\/wp-json\/wp\/v2\/media?parent=3478"}],"wp:term":[{"taxonomy":"category","embeddable":true,"href":"https:\/\/www.esteri.it\/it\/wp-json\/wp\/v2\/categories?post=3478"},{"taxonomy":"post_tag","embeddable":true,"href":"https:\/\/www.esteri.it\/it\/wp-json\/wp\/v2\/tags?post=3478"}],"curies":[{"name":"wp","href":"https:\/\/api.w.org\/{rel}","templated":true}]}}