{"id":3496,"date":"2018-06-14T08:39:44","date_gmt":"2018-06-14T06:39:44","guid":{"rendered":"https:\/\/www.esteri.it\/sala_stampa\/archivionotizie\/comunicati\/2018\/06\/il-ministro-moavero-incontra-gli-ambasciatori-dei-paesi-membri-dell-oci-e-rappresentanti-della-comunita-islamica\/"},"modified":"2018-06-14T08:39:44","modified_gmt":"2018-06-14T06:39:44","slug":"il-ministro-moavero-incontra-gli-ambasciatori-dei-paesi-membri-dell-oci-e-rappresentanti-della-comunita-islamica","status":"publish","type":"post","link":"https:\/\/www.esteri.it\/it\/sala_stampa\/archivionotizie\/comunicati\/2018\/06\/il-ministro-moavero-incontra-gli-ambasciatori-dei-paesi-membri-dell-oci-e-rappresentanti-della-comunita-islamica\/","title":{"rendered":"Riunione del Ministro Moavero con gli Ambasciatori dei Paesi membri dell\u2019OCI e rappresentanti della comunit\u00e0 islamica"},"content":{"rendered":"<p>Il ministro degli Affari Esteri e della Cooperazione Internazionale, Enzo Moavero Milanesi, ha incontrato oggi i rappresentanti diplomatici dei paesi membri dell\u2019Organizzazione della Cooperazione Islamica insieme ai principali esponenti della comunit\u00e0 musulmana, in occasione dell\u2019 \u201cIftar\u201d, la tradizionale cerimonia del dattero che scandisce la fine del digiuno nel mese di Ramadan, celebrata dall\u2019Imam della Moschea di Roma Salah Ramadan.<\/p>\n<p>Nel suo intervento di saluto, il ministro Moavero ha dichiarato che \u201cla collocazione dell\u2019Italia al centro del Mediterraneo, la nostra vicinanza al mondo islamico, i secolari scambi commerciali e culturali con esso, hanno determinato il nostro approccio al mondo, fra cui i forti rapporti di amicizia e sintonia con i popoli musulmani\u201d, aggiungendo che \u201c oggi pi\u00f9 che mai, in un mondo interconnesso, la comprensione dell\u2019altro e del punto di vista altrui \u00e8 un valore imprescindibile\u201d e \u201cl\u2019ascolto reciproco \u00e8 il seme per rilanciare il dialogo e la collaborazione tra le religioni, soprattutto in quelle aree del mondo dove sono pi\u00f9 evidenti le difficolt\u00e0 di pacifica convivenza tra popolazioni di diverso credo, origini etniche e radici culturali. Il confronto non \u00e8 mai tra religioni o civilt\u00e0, ma tra uomini di pace e chi professa l\u2019odio\u201d, ha detto Moavero.<\/p>\n<p>Il titolare della Farnesina ha altres\u00ec rivolto un pensiero particolare alle popolazioni della Siria, dell\u2019Iraq, della Libia, della Palestina e dei numerosi altri paesi minacciati da conflitti e instabilit\u00e0, sottolineando la necessit\u00e0 del pi\u00f9 ampio sostegno della comunit\u00e0 internazionale per la stabilizzazione delle principali crisi regionali e per la costruzione di un ordine stabile nel \u201cMediterraneo allargato\u201d. \u201cIl contrasto alla radicalizzazione e all\u2019estremismo violento richiede, accanto ad un approccio securitario, la collaborazione diretta tra le societ\u00e0 civili\u201d ha affermato Moavero, che ha altres\u00ec espresso il suo apprezzamento per l\u2019azione delle varie espressioni della Comunit\u00e0 islamica presenti in Italia a sostegno del dialogo religioso e interculturale.\u00a0<\/p>\n<p>Il Ministro degli Esteri ha infine ricordato che il dialogo interreligioso e la difesa della libert\u00e0 religiosa sono temi centrali della Presidenza italiana dell\u2019OSCE nell\u2019arco del 2018 e della politica estera del nostro Paese perch\u00e9 \u201cla libert\u00e0 religiosa \u00e8 un principio essenziale di convivenza umana e delle relazioni fra Stati per creare le condizioni di pace e di sicurezza\u201d.\u00a0<\/p>\n<p>L\u2019evento, giunto alla sua tredicesima edizione, testimonia l&#8217;intensit\u00e0 delle relazioni con l\u2019intero mondo musulmano nonch\u00e9 l\u2019attenzione e il rispetto con cui l&#8217;Italia guarda ai Paesi di religione musulmana, alle loro organizzazioni regionali ed allo sviluppo del dialogo interculturale e interreligioso con il mondo islamico. La cerimonia ha avuto luogo a Villa Madama a Roma alla presenza di numerose Autorit\u00e0, tra cui il Segretario Generale del Centro Islamico Culturale d\u2019Italia, Abdellah Redouane; l\u2019Imam del Centro Islamico Culturale d\u2019Italia, Sheikh Salah Ramadan; il Segretario della Commissione per le Intese con le Confessioni Religiose alla Presidenza del Consiglio dei Ministri, Anna Nardini; il Direttore della Lega Musulmana Mondiale per l\u2019Italia, Abdulaziz Alsarhan; il Vice Presidente della Comunit\u00e0 Religiosa Islamica Italiana, Yahya Pallavicini, e il Presidente del Consiglio di amministrazione del Centro islamico culturale d\u2019Italia, Khalid Chaouqui.<\/p>\n","protected":false},"excerpt":{"rendered":"Il ministro degli Affari Esteri e della Cooperazione Internazionale, Enzo Moavero Milanesi, ha incontrato oggi i rappresentanti diplomatici dei paesi membri dell\u2019Organizzazione della Cooperazione Islamica insieme ai principali esponenti della comunit\u00e0 musulmana, in occasione dell\u2019 \u201cIftar\u201d, la tradizionale cerimonia del dattero che scandisce la fine del digiuno nel mese di Ramadan, celebrata dall\u2019Imam della Moschea [&hellip;]","protected":false},"author":1,"featured_media":0,"comment_status":"","ping_status":"","sticky":false,"template":"","format":"standard","meta":{"footnotes":""},"categories":[1],"tags":[6,76],"class_list":["post-3496","post","type-post","status-publish","format-standard","hentry","category-comunicati","tag-mediterraneo-e-medio-oriente","tag-ministri-precedenti"],"_links":{"self":[{"href":"https:\/\/www.esteri.it\/it\/wp-json\/wp\/v2\/posts\/3496","targetHints":{"allow":["GET"]}}],"collection":[{"href":"https:\/\/www.esteri.it\/it\/wp-json\/wp\/v2\/posts"}],"about":[{"href":"https:\/\/www.esteri.it\/it\/wp-json\/wp\/v2\/types\/post"}],"author":[{"embeddable":true,"href":"https:\/\/www.esteri.it\/it\/wp-json\/wp\/v2\/users\/1"}],"replies":[{"embeddable":true,"href":"https:\/\/www.esteri.it\/it\/wp-json\/wp\/v2\/comments?post=3496"}],"version-history":[{"count":0,"href":"https:\/\/www.esteri.it\/it\/wp-json\/wp\/v2\/posts\/3496\/revisions"}],"wp:attachment":[{"href":"https:\/\/www.esteri.it\/it\/wp-json\/wp\/v2\/media?parent=3496"}],"wp:term":[{"taxonomy":"category","embeddable":true,"href":"https:\/\/www.esteri.it\/it\/wp-json\/wp\/v2\/categories?post=3496"},{"taxonomy":"post_tag","embeddable":true,"href":"https:\/\/www.esteri.it\/it\/wp-json\/wp\/v2\/tags?post=3496"}],"curies":[{"name":"wp","href":"https:\/\/api.w.org\/{rel}","templated":true}]}}