{"id":3570,"date":"2018-05-10T11:28:20","date_gmt":"2018-05-10T09:28:20","guid":{"rendered":"https:\/\/www.esteri.it\/sala_stampa\/archivionotizie\/comunicati\/2018\/05\/expo-dubai\/"},"modified":"2018-05-10T11:28:20","modified_gmt":"2018-05-10T09:28:20","slug":"expo-dubai","status":"publish","type":"post","link":"https:\/\/www.esteri.it\/it\/sala_stampa\/archivionotizie\/comunicati\/2018\/05\/expo-dubai\/","title":{"rendered":"Expo Dubai"},"content":{"rendered":"<p>E\u2019 stato costituito dal Governo italiano il Commissariato Generale dell\u2019Italia per l\u2019EXPO 2020 di Dubai con il compito di assistere il Commissario generale di Sezione nelle attivit\u00e0 di progettazione e realizzazione della partecipazione del nostro Paese alla prima Esposizione Universale nel mondo arabo, dedicata al tema \u201cConnettere le menti, creare futuro\u201d e alla quale sono previsti 180 Paesi espositori e oltre 25 milioni di visitatori, per il 70% provenienti dall\u2019estero.<\/p>\n<p>Con Decreto della Presidenza del Consiglio dei Ministri, su proposta del Ministero degli Affari Esteri e della Cooperazione Internazionale, Paolo Glisenti era stato nominato all\u2019inizio dell\u2019anno Commissario Generale di Sezione per EXPO 2020 Dubai. Con la costituzione del Commissariato Stefano Ravagnan, gi\u00e0 Ambasciatore italiano in Kazakhstan e Commissario Generale per l\u2019EXPO internazionale 2017 di Astana, \u00e8 ora nominato Commissario Aggiunto. Andrea Marin \u00e8 il Direttore Amministrativo.<\/p>\n<p>Come primo atto, il Commissariato ha aperto oggi il sito\u00a0<a href=\"http:\/\/www.italiaexpo2020dubai.it\/\">www.italiaexpo2020dubai.it<\/a>.<\/p>\n<p>Nei prossimi giorni verr\u00e0 lanciato un concorso di idee nazionale, aperto a tutti, per il logo che dai prossimi mesi \u201cfirmer\u00e0\u201d il progetto dell\u2019Italia all\u2019EXPO di Dubai. Tale logo contrassegner\u00e0 sia l\u2019intero percorso di avvicinamento all\u2019evento in programma dal 20 Ottobre 2020 al 10 Aprile 2021, sia identit\u00e0 al Padiglione Italia che sorger\u00e0 sul sito di EXPO per mettere mostra le eccellenze della creativit\u00e0 italiana. Il progetto dell\u2019Italia per EXPO 2020 Dubai \u00e8 ampiamente illustrato sul sito.<\/p>\n<p>Sul sito gi\u00e0 da oggi \u00e8 aperta la selezione del personale che former\u00e0 inizialmente la \u201csquadra\u201d del Commissariato con l\u2019invito a presentare proposte di servizi professionali per specifiche aree di attivit\u00e0.<\/p>\n<p>Nei prossimi mesi il Commissariato lancer\u00e0 il concorso di idee per il progetto architettonico del Padiglione.<\/p>\n<p>Il contratto di partecipazione dell\u2019Italia all\u2019EXPO di Dubai &#8211; confermata formalmente dal Governo italiano a quello degli Emirati Arabi Uniti il 16 novembre 2016 &#8211; \u00e8 stato firmato da Paolo Glisenti il\u00a019 gennaio scorso alla presenza del Ministro degli Affari Esteri e della Cooperazione Internazionale Angelino Alfano nonch\u00e9 del Principe Ereditario di Abu Dhabi, Sheikh Mohammed bin Zayed Al Nahyan, e del Ministro degli Esteri degli Emirati, Abdallah bin Zayed.<\/p>\n<p>Nei giorni scorsi l\u2019ente organizzatore dell\u2019EXPO ha approvato il tema progettuale proposto dall\u2019Italia \u2013 \u201cCreativit\u00e0, Connessione, Competenza\u201d- sottolineando come in esso si intraveda \u201cuno straordinario Padiglione Italia durante l\u2019evento e una forte legacy per l\u2019immagine futura\u201d del nostro Paese. L\u2019Italia \u00e8 stata inoltre il primo Paese del G7 a formalizzare la propria partecipazione all\u2019EXPO: l\u2019approvazione del tema progettuale completa quindi gli impegni assunti con le autorit\u00e0 emiratine e con gli organizzatori dell\u2019evento per quanto concerne la prima fase di attuazione della partecipazione italiana.<\/p>\n","protected":false},"excerpt":{"rendered":"E\u2019 stato costituito dal Governo italiano il Commissariato Generale dell\u2019Italia per l\u2019EXPO 2020 di Dubai con il compito di assistere il Commissario generale di Sezione nelle attivit\u00e0 di progettazione e realizzazione della partecipazione del nostro Paese alla prima Esposizione Universale nel mondo arabo, dedicata al tema \u201cConnettere le menti, creare futuro\u201d e alla quale sono [&hellip;]","protected":false},"author":1,"featured_media":0,"comment_status":"","ping_status":"","sticky":false,"template":"","format":"standard","meta":{"footnotes":""},"categories":[1],"tags":[3,6],"class_list":["post-3570","post","type-post","status-publish","format-standard","hentry","category-comunicati","tag-diplomazia-economica","tag-mediterraneo-e-medio-oriente"],"_links":{"self":[{"href":"https:\/\/www.esteri.it\/it\/wp-json\/wp\/v2\/posts\/3570","targetHints":{"allow":["GET"]}}],"collection":[{"href":"https:\/\/www.esteri.it\/it\/wp-json\/wp\/v2\/posts"}],"about":[{"href":"https:\/\/www.esteri.it\/it\/wp-json\/wp\/v2\/types\/post"}],"author":[{"embeddable":true,"href":"https:\/\/www.esteri.it\/it\/wp-json\/wp\/v2\/users\/1"}],"replies":[{"embeddable":true,"href":"https:\/\/www.esteri.it\/it\/wp-json\/wp\/v2\/comments?post=3570"}],"version-history":[{"count":0,"href":"https:\/\/www.esteri.it\/it\/wp-json\/wp\/v2\/posts\/3570\/revisions"}],"wp:attachment":[{"href":"https:\/\/www.esteri.it\/it\/wp-json\/wp\/v2\/media?parent=3570"}],"wp:term":[{"taxonomy":"category","embeddable":true,"href":"https:\/\/www.esteri.it\/it\/wp-json\/wp\/v2\/categories?post=3570"},{"taxonomy":"post_tag","embeddable":true,"href":"https:\/\/www.esteri.it\/it\/wp-json\/wp\/v2\/tags?post=3570"}],"curies":[{"name":"wp","href":"https:\/\/api.w.org\/{rel}","templated":true}]}}